{"id":9905,"date":"2017-10-23T13:22:25","date_gmt":"2017-10-23T11:22:25","guid":{"rendered":"http:\/\/stjohannes.oslo.katolsk.no\/?p=9905"},"modified":"2017-10-23T13:22:25","modified_gmt":"2017-10-23T11:22:25","slug":"ogloszenia-z-22-pazdziernika-2017-r","status":"publish","type":"post","link":"https:\/\/www.stjohannes.no\/?p=9905","title":{"rendered":"Og\u0142oszenia z 22 pa\u017adziernika 2017 r."},"content":{"rendered":"<p style=\"text-align: justify;\"><strong>1.<\/strong> Dzisiejsz\u0105 Niedziel\u0105 Misyjn\u0105 rozpoczynamy w Ko\u015bciele Tydzie\u0144 Misyjny. Pami\u0119tajmy zatem w tym tygodniu w naszych modlitwach o misjonarzach i krajach misyjnych. W tej intencji ofiarujemy w najbli\u017cszy pi\u0105tek modlitw\u0119 r\u00f3\u017ca\u0144cow\u0105 w j. polskim. Przypominamy, \u017ce przez ca\u0142y pa\u017adziernik w naszej parafii R\u00f3\u017caniec w j. norweskim w ka\u017cdy dzie\u0144 o godz. 17.30. Natomiast w j. polskim w pi\u0105tki po Mszy \u015bw. o godz. 19.00. Przypominamy tak\u017ce, \u017ce od listopada b\u0119dzie dodatkowa Msza \u015bwi\u0119ta w j. polskim w niedziele o godz. 13.00 poza 4 niedziel\u0105 miesi\u0105ca, kiedy to jest Msza \u015bwi\u0119ta w j. wietnamskim. W zwi\u0105zku z tym wielka pro\u015bba. Gdyby by\u0142a osoba graj\u0105ca na organach to prosz\u0119 o pomoc w ubogacaniu gr\u0105 i \u015bpiewem tak\u017ce tej Mszy \u015bwi\u0119tej.<\/p>\n<p style=\"text-align: justify;\"><strong>2.<\/strong> W najbli\u017cszym tygodniu:<br \/>\n\u2022 <span style=\"text-decoration: underline;\">w \u015brod\u0119<\/span> \u2013 od godz. 10.00 w naszej parafii odbywa si\u0119 jesienny \u201edugnad\u201d. W zwi\u0105zku z tym prosimy osoby, kt\u00f3re w tym dniu nie pracuj\u0105 do po\u0142udnia, aby po\u015bwi\u0119cili sw\u00f3j czas na pomoc w pracy na rzecz parafii<br \/>\n\u2022<span style=\"text-decoration: underline;\"> w pi\u0105tek<\/span> \u2013 o godz. 19.00 Msza \u015bw. i R\u00f3\u017caniec w j. polskim. P\u00f3\u0142 godziny przed Msz\u0105 \u015bw. mo\u017cliwo\u015b\u0107 spowiedzi w j. polskim<br \/>\n\u2022 <span style=\"text-decoration: underline;\">w sobot\u0119<\/span> \u2013 \u015awi\u0119to \u015awi\u0119tych Aposto\u0142\u00f3w Szymona i Judy Tadeusza. W tym dniu od godz. 10.0 kolejne katechezy w j. polskim<br \/>\n\u2022 <span style=\"text-decoration: underline;\">w przysz\u0142\u0105 niedziel\u0119<\/span> \u2013 Msza \u015bw. w j. polskim o godz. 9.00. Ponadto w niedziele Msze \u015bwi\u0119te o godz. 11.00 w j. norweskim, o godz. 15.00 w j. angielskim, o godz. 17.30 w j. tamilskim i o godz. 19.00 w j. hiszpa\u0144skim. Natomiast Msze \u015bwi\u0119te w dni powszednie o godz. 18.00. W sobot\u0119 o tej godzinie sprawowana jest w j. norweskim Msza \u015bwi\u0119ta z niedzieli.<\/p>\n<p style=\"text-align: justify;\"><strong>3.<\/strong> Przypominamy, \u017ce 30 pa\u017adziernika w parafii \u015bw. Hallvarda rozpoczyna si\u0119 kurs przedma\u0142\u017ce\u0144ski. Szczeg\u00f3\u0142y w zakrystii. Natomiast w naszej parafii taki kurs w j. polskim odb\u0119dzie si\u0119 w W. Po\u015bcie.<br \/>\nNatomiast w najbli\u017cszy czwartek \u201eGrupa M\u0119\u017cczyzn \u015bw. J\u00f3zefa\u201d z parafii \u015bw. Hallvarda zaprasza wszystkich m\u0119\u017cczyzn na otwarte spotkanie, kt\u00f3re poprowadzi Pawe\u0142 Zaremba, by\u0142y \u017co\u0142nierz zawodowy, bior\u0105cy udzia\u0142 w najtrudniejszych misjach. Spotkanie rozpocznie si\u0119 Msz\u0105 \u015bw. o godz. 18.00 w ko\u015bciele \u015bw. Hallvarda.<\/p>\n<p style=\"text-align: justify;\"><strong>4.<\/strong> Od 1 do 8 listopada istnieje mo\u017cliwo\u015b\u0107 otrzymania \u0142aski odpustu zupe\u0142nego za zmar\u0142ych. Wi\u0119cej na ten temat na stronie parafii i na ulotkach, kt\u00f3re b\u0119d\u0105 rozdawali ministranci przy wyj\u015bciu z ko\u015bcio\u0142a. Tam te\u017c umieszczone s\u0105 godziny Mszy \u015bwi\u0119tych i modlitwy z Wypominkami w tych dniach. Gdyby kto\u015b chcia\u0142 jeszcze zapisa\u0107 zmar\u0142ych, za kt\u00f3rych b\u0119dziemy si\u0119 modli\u0107 na Wypominkach to kartki s\u0105 umieszczone przy wyj\u015bciu z ko\u015bcio\u0142a. Prosimy o czytelne pismo. Kartki z wypominkami sk\u0142adamy w zakrystii u ksi\u0119\u017cy.<\/p>\n","protected":false},"excerpt":{"rendered":"<p>1. Dzisiejsz\u0105 Niedziel\u0105 Misyjn\u0105 rozpoczynamy w Ko\u015bciele Tydzie\u0144 Misyjny. Pami\u0119tajmy zatem w tym tygodniu w naszych modlitwach o misjonarzach i krajach misyjnych. W tej intencji ofiarujemy w najbli\u017cszy pi\u0105tek modlitw\u0119 r\u00f3\u017ca\u0144cow\u0105 w j. polskim. Przypominamy, \u017ce przez ca\u0142y pa\u017adziernik w naszej parafii R\u00f3\u017caniec w j. norweskim w ka\u017cdy dzie\u0144 o godz. 17.30. Natomiast w j. [&hellip;]<\/p>\n","protected":false},"author":6,"featured_media":8009,"comment_status":"closed","ping_status":"closed","sticky":false,"template":"","format":"standard","meta":{"ocean_post_layout":"","ocean_both_sidebars_style":"","ocean_both_sidebars_content_width":0,"ocean_both_sidebars_sidebars_width":0,"ocean_sidebar":"","ocean_second_sidebar":"","ocean_disable_margins":"enable","ocean_add_body_class":"","ocean_shortcode_before_top_bar":"","ocean_shortcode_after_top_bar":"","ocean_shortcode_before_header":"","ocean_shortcode_after_header":"","ocean_has_shortcode":"","ocean_shortcode_after_title":"","ocean_shortcode_before_footer_widgets":"","ocean_shortcode_after_footer_widgets":"","ocean_shortcode_before_footer_bottom":"","ocean_shortcode_after_footer_bottom":"","ocean_display_top_bar":"default","ocean_display_header":"default","ocean_header_style":"","ocean_center_header_left_menu":"","ocean_custom_header_template":"","ocean_custom_logo":0,"ocean_custom_retina_logo":0,"ocean_custom_logo_max_width":0,"ocean_custom_logo_tablet_max_width":0,"ocean_custom_logo_mobile_max_width":0,"ocean_custom_logo_max_height":0,"ocean_custom_logo_tablet_max_height":0,"ocean_custom_logo_mobile_max_height":0,"ocean_header_custom_menu":"","ocean_menu_typo_font_family":"","ocean_menu_typo_font_subset":"","ocean_menu_typo_font_size":0,"ocean_menu_typo_font_size_tablet":0,"ocean_menu_typo_font_size_mobile":0,"ocean_menu_typo_font_size_unit":"px","ocean_menu_typo_font_weight":"","ocean_menu_typo_font_weight_tablet":"","ocean_menu_typo_font_weight_mobile":"","ocean_menu_typo_transform":"","ocean_menu_typo_transform_tablet":"","ocean_menu_typo_transform_mobile":"","ocean_menu_typo_line_height":0,"ocean_menu_typo_line_height_tablet":0,"ocean_menu_typo_line_height_mobile":0,"ocean_menu_typo_line_height_unit":"","ocean_menu_typo_spacing":0,"ocean_menu_typo_spacing_tablet":0,"ocean_menu_typo_spacing_mobile":0,"ocean_menu_typo_spacing_unit":"","ocean_menu_link_color":"","ocean_menu_link_color_hover":"","ocean_menu_link_color_active":"","ocean_menu_link_background":"","ocean_menu_link_hover_background":"","ocean_menu_link_active_background":"","ocean_menu_social_links_bg":"","ocean_menu_social_hover_links_bg":"","ocean_menu_social_links_color":"","ocean_menu_social_hover_links_color":"","ocean_disable_title":"default","ocean_disable_heading":"default","ocean_post_title":"","ocean_post_subheading":"","ocean_post_title_style":"","ocean_post_title_background_color":"","ocean_post_title_background":0,"ocean_post_title_bg_image_position":"","ocean_post_title_bg_image_attachment":"","ocean_post_title_bg_image_repeat":"","ocean_post_title_bg_image_size":"","ocean_post_title_height":0,"ocean_post_title_bg_overlay":0.5,"ocean_post_title_bg_overlay_color":"","ocean_disable_breadcrumbs":"default","ocean_breadcrumbs_color":"","ocean_breadcrumbs_separator_color":"","ocean_breadcrumbs_links_color":"","ocean_breadcrumbs_links_hover_color":"","ocean_display_footer_widgets":"default","ocean_display_footer_bottom":"default","ocean_custom_footer_template":"","ocean_post_oembed":"","ocean_post_self_hosted_media":"","ocean_post_video_embed":"","ocean_link_format":"","ocean_link_format_target":"self","ocean_quote_format":"","ocean_quote_format_link":"post","ocean_gallery_link_images":"on","ocean_gallery_id":[],"footnotes":""},"categories":[5,7],"tags":[],"class_list":["post-9905","post","type-post","status-publish","format-standard","has-post-thumbnail","hentry","category-kunngjoringer","category-polski","entry","has-media"],"_links":{"self":[{"href":"https:\/\/www.stjohannes.no\/index.php?rest_route=\/wp\/v2\/posts\/9905","targetHints":{"allow":["GET"]}}],"collection":[{"href":"https:\/\/www.stjohannes.no\/index.php?rest_route=\/wp\/v2\/posts"}],"about":[{"href":"https:\/\/www.stjohannes.no\/index.php?rest_route=\/wp\/v2\/types\/post"}],"author":[{"embeddable":true,"href":"https:\/\/www.stjohannes.no\/index.php?rest_route=\/wp\/v2\/users\/6"}],"replies":[{"embeddable":true,"href":"https:\/\/www.stjohannes.no\/index.php?rest_route=%2Fwp%2Fv2%2Fcomments&post=9905"}],"version-history":[{"count":0,"href":"https:\/\/www.stjohannes.no\/index.php?rest_route=\/wp\/v2\/posts\/9905\/revisions"}],"wp:featuredmedia":[{"embeddable":true,"href":"https:\/\/www.stjohannes.no\/index.php?rest_route=\/"}],"wp:attachment":[{"href":"https:\/\/www.stjohannes.no\/index.php?rest_route=%2Fwp%2Fv2%2Fmedia&parent=9905"}],"wp:term":[{"taxonomy":"category","embeddable":true,"href":"https:\/\/www.stjohannes.no\/index.php?rest_route=%2Fwp%2Fv2%2Fcategories&post=9905"},{"taxonomy":"post_tag","embeddable":true,"href":"https:\/\/www.stjohannes.no\/index.php?rest_route=%2Fwp%2Fv2%2Ftags&post=9905"}],"curies":[{"name":"wp","href":"https:\/\/api.w.org\/{rel}","templated":true}]}}