{"id":9757,"date":"2017-09-27T11:23:52","date_gmt":"2017-09-27T09:23:52","guid":{"rendered":"http:\/\/stjohannes.oslo.katolsk.no\/?p=9757"},"modified":"2017-09-27T11:23:52","modified_gmt":"2017-09-27T09:23:52","slug":"ogloszenia-z-24-wrzesnia-2017-r","status":"publish","type":"post","link":"https:\/\/www.stjohannes.no\/?p=9757","title":{"rendered":"Og\u0142oszenia z 24 wrze\u015bnia 2017 r."},"content":{"rendered":"<p style=\"text-align: justify;\"><strong>1.<\/strong> Dzi\u0119kujemy za ofiary, kt\u00f3re z racji prze\u017cywanej dzi\u015b &laquo;Niedzieli Caritasu&raquo; przekazujemy na Caritas. Przy wyj\u015bciu do odebrania &laquo;Informator Katolicki&raquo;.<\/p>\n<p><strong>2.<\/strong> W najbli\u017cszym tygodniu:<\/p>\n<ul>\n<li><u>w poniedzia\u0142ek<\/u> \u2013 b\u0142. W\u0142adys\u0142awa z Gielniowa<\/li>\n<li><u>w \u015brod\u0119<\/u> \u2013 \u015bw. Wincentego a Paulo<\/li>\n<li><u>w czwartek<\/u> \u2013 \u015bw. Wac\u0142awa<\/li>\n<li><u>w pi\u0105tek<\/u> \u2013 \u015bwi\u0119tych Archanio\u0142\u00f3w: Micha\u0142a, Gabriela i Rafa\u0142a<\/li>\n<li><u>w sobot\u0119 <\/u>\u2013 \u015bw. Hieronima<\/li>\n<li style=\"text-align: justify;\"><u>w przysz\u0142\u0105 niedziel\u0119<\/u> \u2013 Msza \u015bw. w j. polskim o godz.<strong> 9.00.<\/strong><br \/>\nPonadto w niedziele Msze \u015bwi\u0119te o godz. <strong>11.00<\/strong> w j. norweskim, o godz. 15.00 w j. angielskim, o godz. 17.30 w j. tamilskim i o godz. 19.00 w j. hiszpa\u0144skim. P\u00f3\u0142 godziny przed Msz\u0105 \u015bwi\u0119t\u0105 w j. angielskim i tamilskim modlitwa r\u00f3\u017ca\u0144cowa w tych j\u0119zykach. Natomiast Msze \u015bwi\u0119te w dni powszednie o godz. 18.00. W sobot\u0119 o tej godzinie sprawowana jest w j. norweskim Msza \u015bwi\u0119ta z niedzieli.<\/li>\n<\/ul>\n<p style=\"text-align: justify;\"><strong>3.<\/strong> Przypominamy, \u017ce w najbli\u017csz\u0105 sobot\u0119 o godz. 10.00 rozpoczyna si\u0119 <u>katecheza w j. polskim<\/u> dla dzieci od 2 do 5 klasy oraz od 6 do 9 klasy. W ramach tej katechezy odbywa si\u0119 tak\u017ce przygotowanie do I Komunii \u015awi\u0119tej i do Bierzmowania i trwa ono 2 lata. Bardzo prosimy rodzic\u00f3w, kt\u00f3rzy jeszcze nie zapisali swoich dzieci o dokonanie zapisu po Mszy \u015bwi\u0119tej w zakrystii.<\/p>\n<p style=\"text-align: justify;\"><strong>4.<\/strong> Jako owoc ko\u0144cz\u0105cego si\u0119 Roku Fatimskiego chciejmy w\u0142\u0105czy\u0107 si\u0119 w nawiedzenie figury MB Fatimskiej. Miejmy w sobie t\u0119 wiar\u0119, \u017ce przyjmuj\u0105c pob\u0142ogos\u0142awion\u0105 figur\u0119 i podejmuj\u0105c modlitw\u0119 r\u00f3\u017ca\u0144cow\u0105 naprawd\u0119 spotykamy si\u0119 z Maryj\u0105, kt\u00f3ra chce nawiedza\u0107 nasze mieszkania. Osoby pragn\u0105ce przyj\u0105\u0107 Maryj\u0119 w znaku figury na okre\u015blony tydzie\u0144 prosz\u0119 o dokonanie zapisu w zakrystii.<\/p>\n<p style=\"text-align: justify;\">Ponadto zapraszamy do w\u0142\u0105czenia si\u0119 w inicjatyw\u0119 &laquo;R\u00f3\u017caniec do granic&raquo;. Jej celem jest podj\u0119cie og\u00f3lnopolskiej modlitwy r\u00f3\u017ca\u0144cowej przez osoby zebrane wzd\u0142u\u017c granic naszego kraju w intencji Polski i ca\u0142ego \u015bwiata. Przedsi\u0119wzi\u0119cie b\u0119dzie mia\u0142o miejsce 7 pa\u017adziernika, w pierwsz\u0105 sobot\u0119 miesi\u0105ca, w \u015bwi\u0119to Matki Bo\u017cej R\u00f3\u017ca\u0144cowej i na zako\u0144czenie obchod\u00f3w 100-lecia objawie\u0144 fatimskich. Wi\u0119cej na ten temat mo\u017cna przeczyta\u0107 pod tym <a href=\"http:\/\/www.rozaniecdogranic.pl\/\">linkiem<\/a>. Chcemy w tym dniu po\u0142\u0105czy\u0107 si\u0119 z Polakami z innych parafii w Oslo, aby czuwa\u0107 na modlitwie. Rozpoczniemy to czuwanie Msz\u0105 \u015bw. w j. polskim o godz. 19.00 w parafii \u015bw. Hallvarda, a potem odm\u00f3wimy R\u00f3\u017caniec. Serdecznie zach\u0119camy do udzia\u0142u. Ponadto zapraszam do tworzenia R\u00f3\u017c r\u00f3\u017ca\u0144cowych przy naszej parafii. Osoby czuj\u0105ce natchnienie prosz\u0119 o zapisy w zakrystii.<\/p>\n<p style=\"text-align: justify;\"><strong>5.<\/strong> M\u0142odzie\u017c zach\u0119camy do \u015bpiewu w ch\u00f3rze m\u0142odzie\u017cowym, kt\u00f3ry swoim \u015bpiewem ubogaca Msze \u015bwi\u0119te w j. norweskim. Pr\u00f3by ch\u00f3ru odbywaj\u0105 si\u0119 w czwartki o godz. 18.15. Zach\u0119camy tak\u017ce dzieci do \u015bpiewu w ch\u00f3rze dzieci\u0119cym, kt\u00f3ry swoim \u015bpiewem ubogaca Msze \u015bwi\u0119tych w j. norweskim. Pr\u00f3by tego ch\u00f3ru odbywaj\u0105 si\u0119 r\u00f3wnie\u017c w czwartki od godz. 17.00 do godz. 18.00.<\/p>\n<p style=\"text-align: justify;\"><strong>6.<\/strong> W sprawach kancelaryjnych czy duszpasterskich mo\u017cna si\u0119 umawia\u0107 dzwoni\u0105c na numer telefonu podany na norweskiej stronie parafialnej czy na Facebooku:<br \/>\nKs. Piotr G\u0105sior (numer telefonu: +47\u00a0925 44\u00a0572).<\/p>\n","protected":false},"excerpt":{"rendered":"<p>1. Dzi\u0119kujemy za ofiary, kt\u00f3re z racji prze\u017cywanej dzi\u015b &laquo;Niedzieli Caritasu&raquo; przekazujemy na Caritas. Przy wyj\u015bciu do odebrania &laquo;Informator Katolicki&raquo;. 2. W najbli\u017cszym tygodniu: w poniedzia\u0142ek \u2013 b\u0142. W\u0142adys\u0142awa z Gielniowa w \u015brod\u0119 \u2013 \u015bw. Wincentego a Paulo w czwartek \u2013 \u015bw. Wac\u0142awa w pi\u0105tek \u2013 \u015bwi\u0119tych Archanio\u0142\u00f3w: Micha\u0142a, Gabriela i Rafa\u0142a w sobot\u0119 \u2013 [&hellip;]<\/p>\n","protected":false},"author":6,"featured_media":8009,"comment_status":"closed","ping_status":"closed","sticky":false,"template":"","format":"standard","meta":{"ocean_post_layout":"","ocean_both_sidebars_style":"","ocean_both_sidebars_content_width":0,"ocean_both_sidebars_sidebars_width":0,"ocean_sidebar":"","ocean_second_sidebar":"","ocean_disable_margins":"enable","ocean_add_body_class":"","ocean_shortcode_before_top_bar":"","ocean_shortcode_after_top_bar":"","ocean_shortcode_before_header":"","ocean_shortcode_after_header":"","ocean_has_shortcode":"","ocean_shortcode_after_title":"","ocean_shortcode_before_footer_widgets":"","ocean_shortcode_after_footer_widgets":"","ocean_shortcode_before_footer_bottom":"","ocean_shortcode_after_footer_bottom":"","ocean_display_top_bar":"default","ocean_display_header":"default","ocean_header_style":"","ocean_center_header_left_menu":"","ocean_custom_header_template":"","ocean_custom_logo":0,"ocean_custom_retina_logo":0,"ocean_custom_logo_max_width":0,"ocean_custom_logo_tablet_max_width":0,"ocean_custom_logo_mobile_max_width":0,"ocean_custom_logo_max_height":0,"ocean_custom_logo_tablet_max_height":0,"ocean_custom_logo_mobile_max_height":0,"ocean_header_custom_menu":"","ocean_menu_typo_font_family":"","ocean_menu_typo_font_subset":"","ocean_menu_typo_font_size":0,"ocean_menu_typo_font_size_tablet":0,"ocean_menu_typo_font_size_mobile":0,"ocean_menu_typo_font_size_unit":"px","ocean_menu_typo_font_weight":"","ocean_menu_typo_font_weight_tablet":"","ocean_menu_typo_font_weight_mobile":"","ocean_menu_typo_transform":"","ocean_menu_typo_transform_tablet":"","ocean_menu_typo_transform_mobile":"","ocean_menu_typo_line_height":0,"ocean_menu_typo_line_height_tablet":0,"ocean_menu_typo_line_height_mobile":0,"ocean_menu_typo_line_height_unit":"","ocean_menu_typo_spacing":0,"ocean_menu_typo_spacing_tablet":0,"ocean_menu_typo_spacing_mobile":0,"ocean_menu_typo_spacing_unit":"","ocean_menu_link_color":"","ocean_menu_link_color_hover":"","ocean_menu_link_color_active":"","ocean_menu_link_background":"","ocean_menu_link_hover_background":"","ocean_menu_link_active_background":"","ocean_menu_social_links_bg":"","ocean_menu_social_hover_links_bg":"","ocean_menu_social_links_color":"","ocean_menu_social_hover_links_color":"","ocean_disable_title":"default","ocean_disable_heading":"default","ocean_post_title":"","ocean_post_subheading":"","ocean_post_title_style":"","ocean_post_title_background_color":"","ocean_post_title_background":0,"ocean_post_title_bg_image_position":"","ocean_post_title_bg_image_attachment":"","ocean_post_title_bg_image_repeat":"","ocean_post_title_bg_image_size":"","ocean_post_title_height":0,"ocean_post_title_bg_overlay":0.5,"ocean_post_title_bg_overlay_color":"","ocean_disable_breadcrumbs":"default","ocean_breadcrumbs_color":"","ocean_breadcrumbs_separator_color":"","ocean_breadcrumbs_links_color":"","ocean_breadcrumbs_links_hover_color":"","ocean_display_footer_widgets":"default","ocean_display_footer_bottom":"default","ocean_custom_footer_template":"","ocean_post_oembed":"","ocean_post_self_hosted_media":"","ocean_post_video_embed":"","ocean_link_format":"","ocean_link_format_target":"self","ocean_quote_format":"","ocean_quote_format_link":"post","ocean_gallery_link_images":"on","ocean_gallery_id":[],"footnotes":""},"categories":[7],"tags":[],"class_list":["post-9757","post","type-post","status-publish","format-standard","has-post-thumbnail","hentry","category-polski","entry","has-media"],"_links":{"self":[{"href":"https:\/\/www.stjohannes.no\/index.php?rest_route=\/wp\/v2\/posts\/9757","targetHints":{"allow":["GET"]}}],"collection":[{"href":"https:\/\/www.stjohannes.no\/index.php?rest_route=\/wp\/v2\/posts"}],"about":[{"href":"https:\/\/www.stjohannes.no\/index.php?rest_route=\/wp\/v2\/types\/post"}],"author":[{"embeddable":true,"href":"https:\/\/www.stjohannes.no\/index.php?rest_route=\/wp\/v2\/users\/6"}],"replies":[{"embeddable":true,"href":"https:\/\/www.stjohannes.no\/index.php?rest_route=%2Fwp%2Fv2%2Fcomments&post=9757"}],"version-history":[{"count":0,"href":"https:\/\/www.stjohannes.no\/index.php?rest_route=\/wp\/v2\/posts\/9757\/revisions"}],"wp:featuredmedia":[{"embeddable":true,"href":"https:\/\/www.stjohannes.no\/index.php?rest_route=\/"}],"wp:attachment":[{"href":"https:\/\/www.stjohannes.no\/index.php?rest_route=%2Fwp%2Fv2%2Fmedia&parent=9757"}],"wp:term":[{"taxonomy":"category","embeddable":true,"href":"https:\/\/www.stjohannes.no\/index.php?rest_route=%2Fwp%2Fv2%2Fcategories&post=9757"},{"taxonomy":"post_tag","embeddable":true,"href":"https:\/\/www.stjohannes.no\/index.php?rest_route=%2Fwp%2Fv2%2Ftags&post=9757"}],"curies":[{"name":"wp","href":"https:\/\/api.w.org\/{rel}","templated":true}]}}