{"id":5543,"date":"2015-12-18T22:10:12","date_gmt":"2015-12-18T21:10:12","guid":{"rendered":"http:\/\/stjohannes.oslo.katolsk.no\/?p=5543"},"modified":"2015-12-18T22:10:12","modified_gmt":"2015-12-18T21:10:12","slug":"den-forste-maneden-i-det-hellige-barmhjertighetens-ar","status":"publish","type":"post","link":"https:\/\/www.stjohannes.no\/?p=5543","title":{"rendered":"Den f\u00f8rste m\u00e5neden i det Hellige barmhjertighetens \u00e5r"},"content":{"rendered":"<p><a href=\"http:\/\/stjohannes.oslo.katolsk.no\/?p=5551\"><img decoding=\"async\" class=\"alignnone size-full wp-image-2361\" src=\"http:\/\/stjohannes.oslo.katolsk.no\/wp-content\/uploads\/2013\/12\/eng.png\" alt=\"eng\" width=\"34\" height=\"24\" \/><\/a>\u00a0<a href=\"http:\/\/stjohannes.oslo.katolsk.no\/?p=5557\"><img decoding=\"async\" class=\"alignnone size-full wp-image-5492\" src=\"http:\/\/stjohannes.oslo.katolsk.no\/wp-content\/uploads\/2015\/11\/tiengvn.jpg\" alt=\"tiengvn\" width=\"75\" height=\"32\" \/><\/a><br \/>\n<img decoding=\"async\" class=\"alignleft wp-image-5548 size-thumbnail\" src=\"http:\/\/stjohannes.oslo.katolsk.no\/wp-content\/uploads\/2015\/12\/De15-150x150.jpg\" alt=\"De15\" width=\"150\" height=\"150\" \/>Den hellige barmhjertighetens \u00e5r har h\u00f8ytidelig begynt med \u00e5pningen av den Hellige d\u00f8ren i St. Peters basilika 8. desember 2015 av pave Frans. Til stede i begivenheten var ogs\u00e5 pave emeritus Benedikt XVI. Denne barmhjertigheten kommer f\u00f8rst og fremst fra Gud Faderen som sendte sin S\u00f8nn Jesus Kristus til verden. Juleevangeliet (Luk 2,1-20) som vi alle er kjent med og h\u00f8ytidelig forbereder oss til \u00e5 feire, forteller oss n\u00f8yaktig og detaljert om hvordan Davids by, Betlehem, f\u00f8rst huset Guds n\u00e5de og tok bolig i blant oss menneske.<\/p>\n<p><strong>Handling<\/strong>: Adventstiden inviterer oss til \u00e5 reflektere p\u00e5 det Gud gjorde for oss mennesker, at Gud selv ble menneske som vi dog uten synd. Gud gjorde dette for \u00e5 slette det menneskene har syndet, mot Han, mot v\u00e5re medmenneske og mot seg selv.<\/p>\n<p><strong>Refleksjon<\/strong>: Vi minnes Regnbuen under Noahs tid, hvor menneskenes livsstil var kun fokusert p\u00e5 synd, at Gud i sin vrede ville utrydde verden. For en Skaper (Gud) som m\u00e5tte komme til denne avgj\u00f8relsen, \u00e5 utrydde skaperverket (verden) er ingen lett beslutning. Og i 40 dager herjet vind, storm og torden verden s\u00e5 mye at synden druknet sammen med resten av livstegn. Heldigvis var ikke alt forsvunnet. Av Guds barmhjertighet reddet han Noahs familie fra syndefloden. Og ved Noahs trofasthet og mildhet var det at menneskene kunne leve til dagen i dag og forh\u00e5pentligvis mange \u00e5r fremover. Gud lovet aldri mer \u00e5 utrydde verden med sin vrede og regnbuen er tegn p\u00e5 denne pakten. I syndefloden burde menneskene blitt renset for synd, og menneskeslekten etter Noah burde v\u00e6re syndfrie. Det vi vet, er at menneskenes tanker har svakheter! Dermed kom synden tilbake i det menneskene utviklet seg. Hovmodstanker, gr\u00e5dighet, sjalusi, makt og penger, sladder og baksnakking gj\u00f8r at menneskeslekten igjen g\u00e5r tilbake til sine feiltakelser. Denne gangen blir vi ikke bare rensen med vann (syndefloden), men av den hellige \u00c5nd og Troen p\u00e5 Jesus Kristus.<\/p>\n<p><strong>Ettertanke<\/strong>: Hva kan jeg gj\u00f8re for \u00e5 f\u00e5 mer tillitt til Gud? Hvordan ser jeg juleevangeliets budskap i dagens samfunn? Hva er min svakhet? Hva er mine sterke sider? Har jeg hovmodstanker? Er jeg gr\u00e5dig? Hvor ofte er jeg sjalu p\u00e5 andre? Har jeg begj\u00e6r p\u00e5 makt? Er jeg slave for penger? Sladre jeg mye? Baksnakker jeg andre og opph\u00f8yer jeg med selv?<\/p>\n<p><strong>B\u00f8nn<\/strong>: Jeg \u00f8nsker av hele mitt hjerte \u00e5 elske deg Gud av hele mitt hjerte og hele mitt sinn, s\u00e5 sant hjelpe meg og elske mine familiemedlemmer, slekter, venner, bekjente og mine medmennesker som jeg m\u00f8ter i min hverdag. L\u00e6r meg og gi meg mot til \u00e5 tilgi folk som har s\u00e5ret meg, som s\u00e5 mange ganger jeg har s\u00e5ret deg min Gud. Tilgi meg mine feiltakelser og mine synder.<\/p>\n<p><strong>Gjerning<\/strong>: Jeg skal gi et smil til alle jeg kjenner, for det uttrykker glede. Jeg skal respektere andre, for det l\u00e6rer meg \u00e5 respektere deg min Gud. Jeg skal be for andre, for ved \u00e5 be for andre skjenker Du meg en st\u00f8rre n\u00e5de. Jeg skal bes\u00f8ke Deg mer i Herrens hus i min hverdag, s\u00e5 at du ikke blir ensom. Jeg skal v\u00e6re gavmild f\u00e5r det l\u00e6rer meg nestekj\u00e6rlighet.<\/p>\n","protected":false},"excerpt":{"rendered":"<p>\u00a0 Den hellige barmhjertighetens \u00e5r har h\u00f8ytidelig begynt med \u00e5pningen av den Hellige d\u00f8ren i St. Peters basilika 8. desember 2015 av pave Frans. Til stede i begivenheten var ogs\u00e5 pave emeritus Benedikt XVI. Denne barmhjertigheten kommer f\u00f8rst og fremst fra Gud Faderen som sendte sin S\u00f8nn Jesus Kristus til verden. Juleevangeliet (Luk 2,1-20) som [&hellip;]<\/p>\n","protected":false},"author":7,"featured_media":0,"comment_status":"closed","ping_status":"closed","sticky":false,"template":"","format":"standard","meta":{"ocean_post_layout":"","ocean_both_sidebars_style":"","ocean_both_sidebars_content_width":0,"ocean_both_sidebars_sidebars_width":0,"ocean_sidebar":"","ocean_second_sidebar":"","ocean_disable_margins":"enable","ocean_add_body_class":"","ocean_shortcode_before_top_bar":"","ocean_shortcode_after_top_bar":"","ocean_shortcode_before_header":"","ocean_shortcode_after_header":"","ocean_has_shortcode":"","ocean_shortcode_after_title":"","ocean_shortcode_before_footer_widgets":"","ocean_shortcode_after_footer_widgets":"","ocean_shortcode_before_footer_bottom":"","ocean_shortcode_after_footer_bottom":"","ocean_display_top_bar":"default","ocean_display_header":"default","ocean_header_style":"","ocean_center_header_left_menu":"","ocean_custom_header_template":"","ocean_custom_logo":0,"ocean_custom_retina_logo":0,"ocean_custom_logo_max_width":0,"ocean_custom_logo_tablet_max_width":0,"ocean_custom_logo_mobile_max_width":0,"ocean_custom_logo_max_height":0,"ocean_custom_logo_tablet_max_height":0,"ocean_custom_logo_mobile_max_height":0,"ocean_header_custom_menu":"","ocean_menu_typo_font_family":"","ocean_menu_typo_font_subset":"","ocean_menu_typo_font_size":0,"ocean_menu_typo_font_size_tablet":0,"ocean_menu_typo_font_size_mobile":0,"ocean_menu_typo_font_size_unit":"px","ocean_menu_typo_font_weight":"","ocean_menu_typo_font_weight_tablet":"","ocean_menu_typo_font_weight_mobile":"","ocean_menu_typo_transform":"","ocean_menu_typo_transform_tablet":"","ocean_menu_typo_transform_mobile":"","ocean_menu_typo_line_height":0,"ocean_menu_typo_line_height_tablet":0,"ocean_menu_typo_line_height_mobile":0,"ocean_menu_typo_line_height_unit":"","ocean_menu_typo_spacing":0,"ocean_menu_typo_spacing_tablet":0,"ocean_menu_typo_spacing_mobile":0,"ocean_menu_typo_spacing_unit":"","ocean_menu_link_color":"","ocean_menu_link_color_hover":"","ocean_menu_link_color_active":"","ocean_menu_link_background":"","ocean_menu_link_hover_background":"","ocean_menu_link_active_background":"","ocean_menu_social_links_bg":"","ocean_menu_social_hover_links_bg":"","ocean_menu_social_links_color":"","ocean_menu_social_hover_links_color":"","ocean_disable_title":"default","ocean_disable_heading":"default","ocean_post_title":"","ocean_post_subheading":"","ocean_post_title_style":"","ocean_post_title_background_color":"","ocean_post_title_background":0,"ocean_post_title_bg_image_position":"","ocean_post_title_bg_image_attachment":"","ocean_post_title_bg_image_repeat":"","ocean_post_title_bg_image_size":"","ocean_post_title_height":0,"ocean_post_title_bg_overlay":0.5,"ocean_post_title_bg_overlay_color":"","ocean_disable_breadcrumbs":"default","ocean_breadcrumbs_color":"","ocean_breadcrumbs_separator_color":"","ocean_breadcrumbs_links_color":"","ocean_breadcrumbs_links_hover_color":"","ocean_display_footer_widgets":"default","ocean_display_footer_bottom":"default","ocean_custom_footer_template":"","ocean_post_oembed":"","ocean_post_self_hosted_media":"","ocean_post_video_embed":"","ocean_link_format":"","ocean_link_format_target":"self","ocean_quote_format":"","ocean_quote_format_link":"post","ocean_gallery_link_images":"on","ocean_gallery_id":[],"footnotes":""},"categories":[21,24],"tags":[],"class_list":["post-5543","post","type-post","status-publish","format-standard","hentry","category-appell","category-barmhjertighetensaar","entry"],"_links":{"self":[{"href":"https:\/\/www.stjohannes.no\/index.php?rest_route=\/wp\/v2\/posts\/5543","targetHints":{"allow":["GET"]}}],"collection":[{"href":"https:\/\/www.stjohannes.no\/index.php?rest_route=\/wp\/v2\/posts"}],"about":[{"href":"https:\/\/www.stjohannes.no\/index.php?rest_route=\/wp\/v2\/types\/post"}],"author":[{"embeddable":true,"href":"https:\/\/www.stjohannes.no\/index.php?rest_route=\/wp\/v2\/users\/7"}],"replies":[{"embeddable":true,"href":"https:\/\/www.stjohannes.no\/index.php?rest_route=%2Fwp%2Fv2%2Fcomments&post=5543"}],"version-history":[{"count":0,"href":"https:\/\/www.stjohannes.no\/index.php?rest_route=\/wp\/v2\/posts\/5543\/revisions"}],"wp:attachment":[{"href":"https:\/\/www.stjohannes.no\/index.php?rest_route=%2Fwp%2Fv2%2Fmedia&parent=5543"}],"wp:term":[{"taxonomy":"category","embeddable":true,"href":"https:\/\/www.stjohannes.no\/index.php?rest_route=%2Fwp%2Fv2%2Fcategories&post=5543"},{"taxonomy":"post_tag","embeddable":true,"href":"https:\/\/www.stjohannes.no\/index.php?rest_route=%2Fwp%2Fv2%2Ftags&post=5543"}],"curies":[{"name":"wp","href":"https:\/\/api.w.org\/{rel}","templated":true}]}}