{"id":3933,"date":"2014-09-22T20:48:28","date_gmt":"2014-09-22T18:48:28","guid":{"rendered":"http:\/\/stjohannes.oslo.katolsk.no\/?p=3933"},"modified":"2014-09-22T20:48:28","modified_gmt":"2014-09-22T18:48:28","slug":"one-human-family-food-for-all","status":"publish","type":"post","link":"https:\/\/www.stjohannes.no\/?p=3933","title":{"rendered":"One human family, food for all [NO]"},"content":{"rendered":"<p><a href=\"http:\/\/stjohannes.oslo.katolsk.no\/?p=3936\"><img decoding=\"async\" class=\"alignleft wp-image-2361 size-full\" src=\"http:\/\/stjohannes.oslo.katolsk.no\/wp-content\/uploads\/2013\/12\/eng.png\" alt=\"eng\" width=\"34\" height=\"24\" \/><\/a><\/p>\n<p><a href=\"http:\/\/stjohannes.oslo.katolsk.no\/?p=3943\">Ti\u1ebfng vi\u1ec7t<\/a><\/p>\n<p><span style=\"text-decoration: underline;\">Appell til Caritas-s\u00f8ndag 28. september 2014<\/span><\/p>\n<p><a href=\"http:\/\/stjohannes.oslo.katolsk.no\/wp-content\/uploads\/2014\/09\/caritas3.png\"><img fetchpriority=\"high\" decoding=\"async\" class=\"alignright size-medium wp-image-3934\" src=\"http:\/\/stjohannes.oslo.katolsk.no\/wp-content\/uploads\/2014\/09\/caritas3-300x199.png\" alt=\"caritas3\" width=\"300\" height=\"199\" \/><\/a>I dag feires Caritas-s\u00f8ndag i alle katolske menigheter i Norge! Dette er et uttrykk for solidaritet med v\u00e5re br\u00f8dre og s\u00f8stre over hele verden. Sammen med hele Kirken og Caritas vil vi v\u00e6re med p\u00e5 \u00e5 gj\u00f8re verden til en bedre plass for alle. Derfor g\u00e5r dagens kollekt til Caritas\u2019 arbeid.<\/p>\n<p>Caritas Internasjonalis har n\u00e5 en p\u00e5g\u00e5ende kampanje med overskriften \u00abOne human family, food for all\u00bb. En kampanje som setter fokus p\u00e5 viktigheten av brorskap p\u00e5 tvers av ulike folkeslag og grupper i kampen mot fattigdom og matmangel.<\/p>\n<p>I sin \u00e5pningsappell til kampanjen fremhever Pave Frans at Caritas, Kirkens egen organisasjon, gjennom sitt arbeid st\u00e5r i sentrum for Kirkens misjon i verden. N\u00e5r Apostlene sier til Jesus at de som er kommet for \u00e5 h\u00f8re p\u00e5 Ham er sultne, inviterte ham dem til \u00e5 finne mat. Det eneste de fant var fem br\u00f8d og to fisk, men med Guds n\u00e5de maktet de \u00e5 mette en stor mengde og samtidig samle restene slik at ingenting gikk til spille.<\/p>\n<p>Paven fortsetter og sier: \u00abVi st\u00e5r ovenfor en global skandale. Rundt \u00e9n milliard, \u00e9n milliard, lider fortsatt av sult i dag. Vi kan ikke se en annen vei og late som dette ikke skjer. Det er nok mat til \u00e5 mette alle\u2026 Derfor inviterer jeg deg, til \u00e5 lage plass i dit hjerte for denne krisen og \u00e5 respektere alle menneskers Gud-gitte rett til \u00e5 ha tilgang til nok mat\u2026 Jeg ber dere derfor, fra dypet av mitt hjerte, om \u00e5 st\u00f8tte v\u00e5re Caritas-organisasjoner i deres edle kampanje der vi handler som \u00e9n familie for \u00e5 sikre mat til alle. La oss be om at Herren m\u00e5 gi oss den n\u00e5de til en dag \u00e5 oppleve en verden der ingen lenger m\u00e5 d\u00f8 av sult. Be om den n\u00e5den!\u00bb<\/p>\n<p>Caritas Norge arbeider aktivt med matsikkerhet i en rekke land, b\u00e5de i Asia, Afrika og Latin-America. Dette er et arbeid vi er stolte av og som virker. I f\u00f8rste halv\u00e5r i 2014 har Caritas Norge blant annet bidratt til at over 1600 b\u00f8nder i Den Demokratiske Republikk Kongo har f\u00e5tt oppl\u00e6ring i effektivt jordbruk. Enkelte b\u00f8nder har f\u00e5tt en femdobling av avlingen, og forventer fortsatt \u00f8kning. P\u00e5 denne m\u00e5ten greier de ikke bare \u00e5 br\u00f8df\u00f8 sin egen familie, men ogs\u00e5 \u00e5 f\u00e5 et overskudd som bedrer deres og andres livskvalitet. Dette er bare ett av mange eksempler p\u00e5 at arbeidet nytter!<\/p>\n<p>For \u00e5 f\u00e5 slutt p\u00e5 sult og feilern\u00e6ring m\u00e5 man ogs\u00e5 arbeide p\u00e5 et mer overordnet niv\u00e5. Derfor jobber ogs\u00e5 Caritas opp mot myndigheter b\u00e5de p\u00e5 lokalt, nasjonalt og internasjonalt niv\u00e5.<\/p>\n<p>I \u00e5r 2000 vedtok alle verdens land, gjennom FN, 8 tusen\u00e5rsm\u00e5l som man i fellesskap skulle jobbe mot frem til 2015. Det f\u00f8rste og viktigste av disse tusen\u00e5rsm\u00e5lene er kampen mot ekstrem fattigdom og sult. Innen 2015 \u00f8nsket man \u00e5 halvere andelen personer som lider av kronisk sult. Dette m\u00e5let har man nesten n\u00e5dd! I perioden 1990 til 1992 led 23,2 prosent av verdens befolkning av kroniske eller langvarig sult, i perioden 2010 til 2012 var andelen redusert til 14,9 prosent!<\/p>\n<p>N\u00e5r vi i dag markerer Caritas-s\u00f8ndag g\u00e5r kollekten til Caritas\u2019 arbeid for en bedre verden. Caritas h\u00e5per det vises stor sjener\u00f8sitet i solidaritet med v\u00e5re br\u00f8dre og s\u00f8ster p\u00e5 alle kontinenter. Vi h\u00e5per og tror at den gode vilje som vises i dag ikke bare er en enkelthandling, men blir uttrykk for et \u00f8kende engasjement i arbeidet med \u00e5 bygge nestekj\u00e6rlighetens kultur, slik at vi en dag kan leve i en verden der fattigdom og sult ikke eksisterer.<\/p>\n","protected":false},"excerpt":{"rendered":"<p>Ti\u1ebfng vi\u1ec7t Appell til Caritas-s\u00f8ndag 28. september 2014 I dag feires Caritas-s\u00f8ndag i alle katolske menigheter i Norge! Dette er et uttrykk for solidaritet med v\u00e5re br\u00f8dre og s\u00f8stre over hele verden. Sammen med hele Kirken og Caritas vil vi v\u00e6re med p\u00e5 \u00e5 gj\u00f8re verden til en bedre plass for alle. Derfor g\u00e5r dagens [&hellip;]<\/p>\n","protected":false},"author":7,"featured_media":0,"comment_status":"closed","ping_status":"open","sticky":false,"template":"","format":"standard","meta":{"ocean_post_layout":"","ocean_both_sidebars_style":"","ocean_both_sidebars_content_width":0,"ocean_both_sidebars_sidebars_width":0,"ocean_sidebar":"","ocean_second_sidebar":"","ocean_disable_margins":"enable","ocean_add_body_class":"","ocean_shortcode_before_top_bar":"","ocean_shortcode_after_top_bar":"","ocean_shortcode_before_header":"","ocean_shortcode_after_header":"","ocean_has_shortcode":"","ocean_shortcode_after_title":"","ocean_shortcode_before_footer_widgets":"","ocean_shortcode_after_footer_widgets":"","ocean_shortcode_before_footer_bottom":"","ocean_shortcode_after_footer_bottom":"","ocean_display_top_bar":"default","ocean_display_header":"default","ocean_header_style":"","ocean_center_header_left_menu":"","ocean_custom_header_template":"","ocean_custom_logo":0,"ocean_custom_retina_logo":0,"ocean_custom_logo_max_width":0,"ocean_custom_logo_tablet_max_width":0,"ocean_custom_logo_mobile_max_width":0,"ocean_custom_logo_max_height":0,"ocean_custom_logo_tablet_max_height":0,"ocean_custom_logo_mobile_max_height":0,"ocean_header_custom_menu":"","ocean_menu_typo_font_family":"","ocean_menu_typo_font_subset":"","ocean_menu_typo_font_size":0,"ocean_menu_typo_font_size_tablet":0,"ocean_menu_typo_font_size_mobile":0,"ocean_menu_typo_font_size_unit":"px","ocean_menu_typo_font_weight":"","ocean_menu_typo_font_weight_tablet":"","ocean_menu_typo_font_weight_mobile":"","ocean_menu_typo_transform":"","ocean_menu_typo_transform_tablet":"","ocean_menu_typo_transform_mobile":"","ocean_menu_typo_line_height":0,"ocean_menu_typo_line_height_tablet":0,"ocean_menu_typo_line_height_mobile":0,"ocean_menu_typo_line_height_unit":"","ocean_menu_typo_spacing":0,"ocean_menu_typo_spacing_tablet":0,"ocean_menu_typo_spacing_mobile":0,"ocean_menu_typo_spacing_unit":"","ocean_menu_link_color":"","ocean_menu_link_color_hover":"","ocean_menu_link_color_active":"","ocean_menu_link_background":"","ocean_menu_link_hover_background":"","ocean_menu_link_active_background":"","ocean_menu_social_links_bg":"","ocean_menu_social_hover_links_bg":"","ocean_menu_social_links_color":"","ocean_menu_social_hover_links_color":"","ocean_disable_title":"default","ocean_disable_heading":"default","ocean_post_title":"","ocean_post_subheading":"","ocean_post_title_style":"","ocean_post_title_background_color":"","ocean_post_title_background":0,"ocean_post_title_bg_image_position":"","ocean_post_title_bg_image_attachment":"","ocean_post_title_bg_image_repeat":"","ocean_post_title_bg_image_size":"","ocean_post_title_height":0,"ocean_post_title_bg_overlay":0.5,"ocean_post_title_bg_overlay_color":"","ocean_disable_breadcrumbs":"default","ocean_breadcrumbs_color":"","ocean_breadcrumbs_separator_color":"","ocean_breadcrumbs_links_color":"","ocean_breadcrumbs_links_hover_color":"","ocean_display_footer_widgets":"default","ocean_display_footer_bottom":"default","ocean_custom_footer_template":"","ocean_post_oembed":"","ocean_post_self_hosted_media":"","ocean_post_video_embed":"","ocean_link_format":"","ocean_link_format_target":"self","ocean_quote_format":"","ocean_quote_format_link":"post","ocean_gallery_link_images":"on","ocean_gallery_id":[],"footnotes":""},"categories":[5],"tags":[],"class_list":["post-3933","post","type-post","status-publish","format-standard","hentry","category-kunngjoringer","entry"],"_links":{"self":[{"href":"https:\/\/www.stjohannes.no\/index.php?rest_route=\/wp\/v2\/posts\/3933","targetHints":{"allow":["GET"]}}],"collection":[{"href":"https:\/\/www.stjohannes.no\/index.php?rest_route=\/wp\/v2\/posts"}],"about":[{"href":"https:\/\/www.stjohannes.no\/index.php?rest_route=\/wp\/v2\/types\/post"}],"author":[{"embeddable":true,"href":"https:\/\/www.stjohannes.no\/index.php?rest_route=\/wp\/v2\/users\/7"}],"replies":[{"embeddable":true,"href":"https:\/\/www.stjohannes.no\/index.php?rest_route=%2Fwp%2Fv2%2Fcomments&post=3933"}],"version-history":[{"count":0,"href":"https:\/\/www.stjohannes.no\/index.php?rest_route=\/wp\/v2\/posts\/3933\/revisions"}],"wp:attachment":[{"href":"https:\/\/www.stjohannes.no\/index.php?rest_route=%2Fwp%2Fv2%2Fmedia&parent=3933"}],"wp:term":[{"taxonomy":"category","embeddable":true,"href":"https:\/\/www.stjohannes.no\/index.php?rest_route=%2Fwp%2Fv2%2Fcategories&post=3933"},{"taxonomy":"post_tag","embeddable":true,"href":"https:\/\/www.stjohannes.no\/index.php?rest_route=%2Fwp%2Fv2%2Ftags&post=3933"}],"curies":[{"name":"wp","href":"https:\/\/api.w.org\/{rel}","templated":true}]}}