{"id":3891,"date":"2014-09-13T08:00:16","date_gmt":"2014-09-13T06:00:16","guid":{"rendered":"http:\/\/stjohannes.oslo.katolsk.no\/?p=3891"},"modified":"2014-09-13T08:00:16","modified_gmt":"2014-09-13T06:00:16","slug":"menighetsradet-en-historisk-begivenhet","status":"publish","type":"post","link":"https:\/\/www.stjohannes.no\/?p=3891","title":{"rendered":"Menighetsr\u00e5det &#8211; en historisk begivenhet"},"content":{"rendered":"<p><img fetchpriority=\"high\" decoding=\"async\" class=\"alignright wp-image-3892 size-medium\" src=\"http:\/\/stjohannes.oslo.katolsk.no\/wp-content\/uploads\/2014\/09\/1.m\u00f8te-300x225.jpg\" alt=\"1.m\u00f8te\" width=\"300\" height=\"225\" \/>Torsdag 11.09. kl. 19 samlet menighetsr\u00e5det seg til m\u00f8te og konstituering av r\u00e5det for f\u00f8rste gang her p\u00e5 St. Johannes. Det ble valgt en Ordf\u00f8rer og vara som skal v\u00e6re med i Pastoralr\u00e5det i OKB (PRO). Representantene sitter i 2 \u00e5r til nytt valag i 2016. Da byttes 1\/3 ut.<\/p>\n<p>&nbsp;<\/p>\n<p>Menighetens representater.<\/p>\n<table>\n<tbody>\n<tr>\n<td>\n<p><figure id=\"attachment_3456\" aria-describedby=\"caption-attachment-3456\" style=\"width: 150px\" class=\"wp-caption alignnone\"><a href=\"http:\/\/stjohannes.oslo.katolsk.no\/wp-content\/uploads\/2014\/06\/K2.png\"><img decoding=\"async\" class=\"wp-image-3456 size-thumbnail\" src=\"http:\/\/stjohannes.oslo.katolsk.no\/wp-content\/uploads\/2014\/06\/K2-150x150.png\" alt=\"Valerie H\u00e5konsen - Ordf\u00f8rer\" width=\"150\" height=\"150\" \/><\/a><figcaption id=\"caption-attachment-3456\" class=\"wp-caption-text\">Valerie H\u00e5konsen &#8211; Ordf\u00f8rer<\/figcaption><\/figure><\/td>\n<td>\n<p><figure id=\"attachment_3895\" aria-describedby=\"caption-attachment-3895\" style=\"width: 150px\" class=\"wp-caption alignnone\"><a href=\"http:\/\/stjohannes.oslo.katolsk.no\/wp-content\/uploads\/2014\/09\/sh.png\"><img decoding=\"async\" class=\"wp-image-3895 size-thumbnail\" src=\"http:\/\/stjohannes.oslo.katolsk.no\/wp-content\/uploads\/2014\/09\/sh-150x150.png\" alt=\"Shanmuganathan Limalanathan - Ordf\u00f8rer\" width=\"150\" height=\"150\" \/><\/a><figcaption id=\"caption-attachment-3895\" class=\"wp-caption-text\">Shanmuganathan Limalanathan &#8211; Ordf\u00f8rer vara<\/figcaption><\/figure><\/td>\n<td>\n<p><figure id=\"attachment_3451\" aria-describedby=\"caption-attachment-3451\" style=\"width: 150px\" class=\"wp-caption alignnone\"><a href=\"http:\/\/stjohannes.oslo.katolsk.no\/wp-content\/uploads\/2014\/06\/K6.png\"><img loading=\"lazy\" decoding=\"async\" class=\"wp-image-3451 size-thumbnail\" src=\"http:\/\/stjohannes.oslo.katolsk.no\/wp-content\/uploads\/2014\/06\/K6-150x150.png\" alt=\"Renate Marie G Eriksen\" width=\"150\" height=\"150\" \/><\/a><figcaption id=\"caption-attachment-3451\" class=\"wp-caption-text\">Renate Marie G Eriksen<\/figcaption><\/figure><\/td>\n<td>\n<p><figure id=\"attachment_3896\" aria-describedby=\"caption-attachment-3896\" style=\"width: 150px\" class=\"wp-caption alignnone\"><a href=\"http:\/\/stjohannes.oslo.katolsk.no\/wp-content\/uploads\/2014\/09\/Piotr.png\"><img loading=\"lazy\" decoding=\"async\" class=\"wp-image-3896 size-thumbnail\" src=\"http:\/\/stjohannes.oslo.katolsk.no\/wp-content\/uploads\/2014\/09\/Piotr-150x150.png\" alt=\"Piotr Palma\" width=\"150\" height=\"150\" \/><\/a><figcaption id=\"caption-attachment-3896\" class=\"wp-caption-text\">Piotr Palma<\/figcaption><\/figure><\/td>\n<\/tr>\n<tr>\n<td>\n<p><figure id=\"attachment_3448\" aria-describedby=\"caption-attachment-3448\" style=\"width: 150px\" class=\"wp-caption alignnone\"><a href=\"http:\/\/stjohannes.oslo.katolsk.no\/wp-content\/uploads\/2014\/06\/K4.png\"><img loading=\"lazy\" decoding=\"async\" class=\"wp-image-3448 size-thumbnail\" src=\"http:\/\/stjohannes.oslo.katolsk.no\/wp-content\/uploads\/2014\/06\/K4-150x150.png\" alt=\"Dinh Doan Ban Mai\" width=\"150\" height=\"150\" \/><\/a><figcaption id=\"caption-attachment-3448\" class=\"wp-caption-text\">Dinh Doan Ban Mai<\/figcaption><\/figure><\/td>\n<td>\n<p><figure id=\"attachment_3897\" aria-describedby=\"caption-attachment-3897\" style=\"width: 150px\" class=\"wp-caption alignnone\"><a href=\"http:\/\/stjohannes.oslo.katolsk.no\/wp-content\/uploads\/2014\/09\/magdalena.png\"><img loading=\"lazy\" decoding=\"async\" class=\"size-thumbnail wp-image-3897\" src=\"http:\/\/stjohannes.oslo.katolsk.no\/wp-content\/uploads\/2014\/09\/magdalena-150x150.png\" alt=\"Magdalena Raczkowski\" width=\"150\" height=\"150\" \/><\/a><figcaption id=\"caption-attachment-3897\" class=\"wp-caption-text\">Magdalena Raczkowski<\/figcaption><\/figure><\/td>\n<td>\n<p><figure id=\"attachment_3449\" aria-describedby=\"caption-attachment-3449\" style=\"width: 150px\" class=\"wp-caption alignnone\"><a href=\"http:\/\/stjohannes.oslo.katolsk.no\/wp-content\/uploads\/2014\/06\/K5.png\"><img loading=\"lazy\" decoding=\"async\" class=\"size-thumbnail wp-image-3449\" src=\"http:\/\/stjohannes.oslo.katolsk.no\/wp-content\/uploads\/2014\/06\/K5-150x150.png\" alt=\"Nathan Christopher\" width=\"150\" height=\"150\" \/><\/a><figcaption id=\"caption-attachment-3449\" class=\"wp-caption-text\">Nathan Christopher<\/figcaption><\/figure><\/td>\n<td>\n<p><figure id=\"attachment_3469\" aria-describedby=\"caption-attachment-3469\" style=\"width: 150px\" class=\"wp-caption alignnone\"><a href=\"http:\/\/stjohannes.oslo.katolsk.no\/wp-content\/uploads\/2014\/06\/K12.png\"><img loading=\"lazy\" decoding=\"async\" class=\"size-thumbnail wp-image-3469\" src=\"http:\/\/stjohannes.oslo.katolsk.no\/wp-content\/uploads\/2014\/06\/K12-150x150.png\" alt=\"Rehana Dilani Maginaarachchi\" width=\"150\" height=\"150\" \/><\/a><figcaption id=\"caption-attachment-3469\" class=\"wp-caption-text\">Rehana Dilani Maginaarachchi<\/figcaption><\/figure><\/td>\n<\/tr>\n<tr>\n<td>\n<p><figure id=\"attachment_3453\" aria-describedby=\"caption-attachment-3453\" style=\"width: 150px\" class=\"wp-caption alignnone\"><a href=\"http:\/\/stjohannes.oslo.katolsk.no\/wp-content\/uploads\/2014\/06\/K7.png\"><img loading=\"lazy\" decoding=\"async\" class=\"size-thumbnail wp-image-3453\" src=\"http:\/\/stjohannes.oslo.katolsk.no\/wp-content\/uploads\/2014\/06\/K7-150x150.png\" alt=\"Leonie Leonen\" width=\"150\" height=\"150\" \/><\/a><figcaption id=\"caption-attachment-3453\" class=\"wp-caption-text\">Leonie Leonen<\/figcaption><\/figure><\/td>\n<td>\n<p><figure id=\"attachment_3455\" aria-describedby=\"caption-attachment-3455\" style=\"width: 150px\" class=\"wp-caption alignnone\"><a href=\"http:\/\/stjohannes.oslo.katolsk.no\/wp-content\/uploads\/2014\/06\/K1.png\"><img loading=\"lazy\" decoding=\"async\" class=\"size-thumbnail wp-image-3455\" src=\"http:\/\/stjohannes.oslo.katolsk.no\/wp-content\/uploads\/2014\/06\/K1-150x150.png\" alt=\"Affa Girmay - Vara\" width=\"150\" height=\"150\" \/><\/a><figcaption id=\"caption-attachment-3455\" class=\"wp-caption-text\">Affa Girmay &#8211; Vara<\/figcaption><\/figure><\/td>\n<td>\n<p><figure id=\"attachment_3460\" aria-describedby=\"caption-attachment-3460\" style=\"width: 150px\" class=\"wp-caption alignnone\"><a href=\"http:\/\/stjohannes.oslo.katolsk.no\/wp-content\/uploads\/2014\/06\/K11.png\"><img loading=\"lazy\" decoding=\"async\" class=\"size-thumbnail wp-image-3460\" src=\"http:\/\/stjohannes.oslo.katolsk.no\/wp-content\/uploads\/2014\/06\/K11-150x150.png\" alt=\"Le Thuy Tien - Vara\" width=\"150\" height=\"150\" \/><\/a><figcaption id=\"caption-attachment-3460\" class=\"wp-caption-text\">Le Thuy Tien &#8211; Vara<\/figcaption><\/figure><\/td>\n<td>\n<p><figure id=\"attachment_3898\" aria-describedby=\"caption-attachment-3898\" style=\"width: 150px\" class=\"wp-caption alignnone\"><a href=\"http:\/\/stjohannes.oslo.katolsk.no\/wp-content\/uploads\/2014\/09\/juwachim.png\"><img loading=\"lazy\" decoding=\"async\" class=\"size-thumbnail wp-image-3898\" src=\"http:\/\/stjohannes.oslo.katolsk.no\/wp-content\/uploads\/2014\/09\/juwachim-150x150.png\" alt=\"Juwachim Reginold, Utnevnt av sogneprest\" width=\"150\" height=\"150\" \/><\/a><figcaption id=\"caption-attachment-3898\" class=\"wp-caption-text\">Juwachim Reginold, Utnevnt av sogneprest<\/figcaption><\/figure><\/td>\n<\/tr>\n<tr>\n<td>\n<p><figure id=\"attachment_1981\" aria-describedby=\"caption-attachment-1981\" style=\"width: 98px\" class=\"wp-caption alignnone\"><a href=\"http:\/\/stjohannes.oslo.katolsk.no\/wp-content\/uploads\/2013\/08\/images-mann.jpg\"><img loading=\"lazy\" decoding=\"async\" class=\"size-full wp-image-1981\" src=\"http:\/\/stjohannes.oslo.katolsk.no\/wp-content\/uploads\/2013\/08\/images-mann.jpg\" alt=\"Johan Olav Bjerke , Utnevnt av sogneprest\" width=\"98\" height=\"95\" \/><\/a><figcaption id=\"caption-attachment-1981\" class=\"wp-caption-text\">Johan Olav Bjerke , Utnevnt av sogneprest<\/figcaption><\/figure><\/td>\n<td><\/td>\n<td><\/td>\n<td><\/td>\n<\/tr>\n<\/tbody>\n<\/table>\n<p>&nbsp;<\/p>\n","protected":false},"excerpt":{"rendered":"<p>Torsdag 11.09. kl. 19 samlet menighetsr\u00e5det seg til m\u00f8te og konstituering av r\u00e5det for f\u00f8rste gang her p\u00e5 St. Johannes. Det ble valgt en Ordf\u00f8rer og vara som skal v\u00e6re med i Pastoralr\u00e5det i OKB (PRO). Representantene sitter i 2 \u00e5r til nytt valag i 2016. Da byttes 1\/3 ut. &nbsp; Menighetens representater. &nbsp;<\/p>\n","protected":false},"author":7,"featured_media":0,"comment_status":"closed","ping_status":"open","sticky":false,"template":"","format":"standard","meta":{"ocean_post_layout":"","ocean_both_sidebars_style":"","ocean_both_sidebars_content_width":0,"ocean_both_sidebars_sidebars_width":0,"ocean_sidebar":"","ocean_second_sidebar":"","ocean_disable_margins":"enable","ocean_add_body_class":"","ocean_shortcode_before_top_bar":"","ocean_shortcode_after_top_bar":"","ocean_shortcode_before_header":"","ocean_shortcode_after_header":"","ocean_has_shortcode":"","ocean_shortcode_after_title":"","ocean_shortcode_before_footer_widgets":"","ocean_shortcode_after_footer_widgets":"","ocean_shortcode_before_footer_bottom":"","ocean_shortcode_after_footer_bottom":"","ocean_display_top_bar":"default","ocean_display_header":"default","ocean_header_style":"","ocean_center_header_left_menu":"","ocean_custom_header_template":"","ocean_custom_logo":0,"ocean_custom_retina_logo":0,"ocean_custom_logo_max_width":0,"ocean_custom_logo_tablet_max_width":0,"ocean_custom_logo_mobile_max_width":0,"ocean_custom_logo_max_height":0,"ocean_custom_logo_tablet_max_height":0,"ocean_custom_logo_mobile_max_height":0,"ocean_header_custom_menu":"","ocean_menu_typo_font_family":"","ocean_menu_typo_font_subset":"","ocean_menu_typo_font_size":0,"ocean_menu_typo_font_size_tablet":0,"ocean_menu_typo_font_size_mobile":0,"ocean_menu_typo_font_size_unit":"px","ocean_menu_typo_font_weight":"","ocean_menu_typo_font_weight_tablet":"","ocean_menu_typo_font_weight_mobile":"","ocean_menu_typo_transform":"","ocean_menu_typo_transform_tablet":"","ocean_menu_typo_transform_mobile":"","ocean_menu_typo_line_height":0,"ocean_menu_typo_line_height_tablet":0,"ocean_menu_typo_line_height_mobile":0,"ocean_menu_typo_line_height_unit":"","ocean_menu_typo_spacing":0,"ocean_menu_typo_spacing_tablet":0,"ocean_menu_typo_spacing_mobile":0,"ocean_menu_typo_spacing_unit":"","ocean_menu_link_color":"","ocean_menu_link_color_hover":"","ocean_menu_link_color_active":"","ocean_menu_link_background":"","ocean_menu_link_hover_background":"","ocean_menu_link_active_background":"","ocean_menu_social_links_bg":"","ocean_menu_social_hover_links_bg":"","ocean_menu_social_links_color":"","ocean_menu_social_hover_links_color":"","ocean_disable_title":"default","ocean_disable_heading":"default","ocean_post_title":"","ocean_post_subheading":"","ocean_post_title_style":"","ocean_post_title_background_color":"","ocean_post_title_background":0,"ocean_post_title_bg_image_position":"","ocean_post_title_bg_image_attachment":"","ocean_post_title_bg_image_repeat":"","ocean_post_title_bg_image_size":"","ocean_post_title_height":0,"ocean_post_title_bg_overlay":0.5,"ocean_post_title_bg_overlay_color":"","ocean_disable_breadcrumbs":"default","ocean_breadcrumbs_color":"","ocean_breadcrumbs_separator_color":"","ocean_breadcrumbs_links_color":"","ocean_breadcrumbs_links_hover_color":"","ocean_display_footer_widgets":"default","ocean_display_footer_bottom":"default","ocean_custom_footer_template":"","ocean_post_oembed":"","ocean_post_self_hosted_media":"","ocean_post_video_embed":"","ocean_link_format":"","ocean_link_format_target":"self","ocean_quote_format":"","ocean_quote_format_link":"post","ocean_gallery_link_images":"on","ocean_gallery_id":[],"footnotes":""},"categories":[20,5],"tags":[],"class_list":["post-3891","post","type-post","status-publish","format-standard","hentry","category-menighetsraad","category-kunngjoringer","entry"],"_links":{"self":[{"href":"https:\/\/www.stjohannes.no\/index.php?rest_route=\/wp\/v2\/posts\/3891","targetHints":{"allow":["GET"]}}],"collection":[{"href":"https:\/\/www.stjohannes.no\/index.php?rest_route=\/wp\/v2\/posts"}],"about":[{"href":"https:\/\/www.stjohannes.no\/index.php?rest_route=\/wp\/v2\/types\/post"}],"author":[{"embeddable":true,"href":"https:\/\/www.stjohannes.no\/index.php?rest_route=\/wp\/v2\/users\/7"}],"replies":[{"embeddable":true,"href":"https:\/\/www.stjohannes.no\/index.php?rest_route=%2Fwp%2Fv2%2Fcomments&post=3891"}],"version-history":[{"count":0,"href":"https:\/\/www.stjohannes.no\/index.php?rest_route=\/wp\/v2\/posts\/3891\/revisions"}],"wp:attachment":[{"href":"https:\/\/www.stjohannes.no\/index.php?rest_route=%2Fwp%2Fv2%2Fmedia&parent=3891"}],"wp:term":[{"taxonomy":"category","embeddable":true,"href":"https:\/\/www.stjohannes.no\/index.php?rest_route=%2Fwp%2Fv2%2Fcategories&post=3891"},{"taxonomy":"post_tag","embeddable":true,"href":"https:\/\/www.stjohannes.no\/index.php?rest_route=%2Fwp%2Fv2%2Ftags&post=3891"}],"curies":[{"name":"wp","href":"https:\/\/api.w.org\/{rel}","templated":true}]}}