{"id":3529,"date":"2014-06-20T20:50:12","date_gmt":"2014-06-20T18:50:12","guid":{"rendered":"http:\/\/stjohannes.oslo.katolsk.no\/?p=3529"},"modified":"2014-06-20T20:50:12","modified_gmt":"2014-06-20T18:50:12","slug":"pozdrowienie-dla-parafii-sw-jana","status":"publish","type":"post","link":"https:\/\/www.stjohannes.no\/?p=3529","title":{"rendered":"Pozdrowienie dla parafii \u015bw. Jana!"},"content":{"rendered":"<p><a href=\"http:\/\/stjohannes.oslo.katolsk.no\/?p=3526\"><img decoding=\"async\" class=\"alignnone size-full wp-image-2363\" src=\"http:\/\/stjohannes.oslo.katolsk.no\/wp-content\/uploads\/2013\/12\/norsk.gif\" alt=\"norsk\" width=\"34\" height=\"24\" \/><\/a>\u00a0<a href=\"http:\/\/stjohannes.oslo.katolsk.no\/?p=3532\"><img decoding=\"async\" class=\"alignnone size-full wp-image-2361\" src=\"http:\/\/stjohannes.oslo.katolsk.no\/wp-content\/uploads\/2013\/12\/eng.png\" alt=\"eng\" width=\"34\" height=\"24\" \/><\/a><\/p>\n<p><a href=\"http:\/\/stjohannes.oslo.katolsk.no\/wp-content\/uploads\/2014\/06\/ola-beisv\u00e5g.jpg\"><img decoding=\"async\" class=\"alignleft wp-image-3527 size-thumbnail\" src=\"http:\/\/stjohannes.oslo.katolsk.no\/wp-content\/uploads\/2014\/06\/ola-beisv\u00e5g-150x150.jpg\" alt=\"ola beisv\u00e5g\" width=\"150\" height=\"150\" \/><\/a>Po 28 latach pracy duszpasterskiej w dolinie Grorud przeszed\u0142em na emerytur\u0119 i nied\u0142ugo, bo<span style=\"line-height: 1.714285714; font-size: 1rem;\">jesieni\u0105 tego roku, przenios\u0119 si\u0119 do R\u00e5de w \u00d8stfold. Od 1986 do 1993 roku by\u0142em duszpasterzem\u00a0<\/span><span style=\"line-height: 1.714285714; font-size: 1rem;\">w Bredtvet. W 1993 roku by\u0142em pastorem seniorem po\u0142\u0105czonych parafii Grorud nale\u017c\u0105cej do Den\u00a0<\/span><span style=\"line-height: 1.714285714; font-size: 1rem;\">Norske Kirke.\u00a0<\/span><span style=\"line-height: 1.714285714; font-size: 1rem;\">Przez te wszystkie lata intensywnie pracowa\u0142em na rzecz ekumenizmu i wsp\u00f3\u0142pracy mi\u0119dzy<\/span><\/p>\n<p>ko\u015bcio\u0142ami. Tym, co nas \u0142\u0105czy jest Jezus Chrystus. Ewangelie odczytujemy i rozumiemy inaczej.\u00a0Oznacza to, \u017ce wyra\u017camy i praktykujemy nasz\u0105 chrze\u015bcija\u0144sk\u0105 wiar\u0119 w r\u00f3\u017cny spos\u00f3b.<br \/>\nNiezmiernie wa\u017cne jest wi\u0119c, aby\u015bmy jako chrze\u015bcijanie skupiali si\u0119 wok\u00f3\u0142 jednej Ewangelii i<br \/>\nmogli uczy\u0107 si\u0119 od siebie \u017cywej wiary, tradycji i dzieli\u0107 si\u0119 do\u015bwiadczeniami. Marzeniem moimjest, by przyszed\u0142 dzie\u0144, w kt\u00f3rym wsp\u00f3lnie b\u0119dziemy celebrowa\u0107 Eucharysti\u0119.<br \/>\nMsza \u015bw. oznacza dla mnie centrum \u017cycia ko\u015bcio\u0142a. Ogromnym wydarzeniem i prze\u017cyciem by\u0142<br \/>\ndla mnie fakt, gdy po raz pierwszy ko\u015bci\u00f3\u0142 na Roms\u00e5s zosta\u0142 wynaj\u0119ty przez parafi\u0119 \u015bw. Olafa. Adzi\u015b ogromnie si\u0119 ciesz\u0119, \u017ce Wy, moi bracia i siostry w wierze, mo\u017cecie u\u017cywa\u0107 ko\u015bcio\u0142a na<br \/>\nBredtvet, gdzie pos\u0142ugiwa\u0142em przez siedem lat! Wn\u0119trze Waszego ko\u015bcio\u0142a urzeka mnie swym<br \/>\npi\u0119knem i \u015bwi\u0119to\u015bci\u0105, kt\u00f3re s\u0105 niezmiernie wa\u017cne do sprawowania liturgii i eucharystii. W<br \/>\nubieg\u0142\u0105 niedziel\u0119 mia\u0142em mo\u017cliwo\u015b\u0107 zobaczenia imponuj\u0105cego nowego krzy\u017ca. Ciesz\u0119 si\u0119 bardzona monta\u017c ogromnego p\u0142\u00f3tna o\u0142tarzowego, kt\u00f3re ju\u017c nied\u0142ugo nast\u0105pi.<br \/>\nDen Norske Kirke ma w Groruddalen wiele ko\u015bcio\u0142\u00f3w, by sprawowa\u0107 nabo\u017ce\u0144stwa. Dlatego<br \/>\nciesz\u0119 si\u0119 bardzo, \u017ce tak wielu katolik\u00f3w z Groruddalen znalaz\u0142o w ko\u015bciele na Bredtvet miejsce<br \/>\ndo sprawowania Eucharystii. \u017byczeniem moim jest r\u00f3wnie\u017c, aby Wasza parafia mog\u0142a przej\u0105\u0107 wu\u017cytkowanie pomieszczenia podziemia, niezb\u0119dne do realizacji dzia\u0142a\u0144 parafii.<br \/>\n\u017bywi\u0119 nadziej\u0119, \u017ce moi nast\u0119pcy w Grorud kontynuowa\u0107 b\u0119d\u0105 prac\u0119 ekumeniczn\u0105 w<br \/>\nGroruddalen.<br \/>\nW modlitwie o b\u0142ogos\u0142awie\u0144stwo Bo\u017ce dla parafii \u015bw.<br \/>\nJana<\/p>\n","protected":false},"excerpt":{"rendered":"<p>\u00a0 Po 28 latach pracy duszpasterskiej w dolinie Grorud przeszed\u0142em na emerytur\u0119 i nied\u0142ugo, bojesieni\u0105 tego roku, przenios\u0119 si\u0119 do R\u00e5de w \u00d8stfold. Od 1986 do 1993 roku by\u0142em duszpasterzem\u00a0w Bredtvet. W 1993 roku by\u0142em pastorem seniorem po\u0142\u0105czonych parafii Grorud nale\u017c\u0105cej do Den\u00a0Norske Kirke.\u00a0Przez te wszystkie lata intensywnie pracowa\u0142em na rzecz ekumenizmu i wsp\u00f3\u0142pracy mi\u0119dzy [&hellip;]<\/p>\n","protected":false},"author":7,"featured_media":0,"comment_status":"closed","ping_status":"open","sticky":false,"template":"","format":"standard","meta":{"ocean_post_layout":"","ocean_both_sidebars_style":"","ocean_both_sidebars_content_width":0,"ocean_both_sidebars_sidebars_width":0,"ocean_sidebar":"","ocean_second_sidebar":"","ocean_disable_margins":"enable","ocean_add_body_class":"","ocean_shortcode_before_top_bar":"","ocean_shortcode_after_top_bar":"","ocean_shortcode_before_header":"","ocean_shortcode_after_header":"","ocean_has_shortcode":"","ocean_shortcode_after_title":"","ocean_shortcode_before_footer_widgets":"","ocean_shortcode_after_footer_widgets":"","ocean_shortcode_before_footer_bottom":"","ocean_shortcode_after_footer_bottom":"","ocean_display_top_bar":"default","ocean_display_header":"default","ocean_header_style":"","ocean_center_header_left_menu":"","ocean_custom_header_template":"","ocean_custom_logo":0,"ocean_custom_retina_logo":0,"ocean_custom_logo_max_width":0,"ocean_custom_logo_tablet_max_width":0,"ocean_custom_logo_mobile_max_width":0,"ocean_custom_logo_max_height":0,"ocean_custom_logo_tablet_max_height":0,"ocean_custom_logo_mobile_max_height":0,"ocean_header_custom_menu":"","ocean_menu_typo_font_family":"","ocean_menu_typo_font_subset":"","ocean_menu_typo_font_size":0,"ocean_menu_typo_font_size_tablet":0,"ocean_menu_typo_font_size_mobile":0,"ocean_menu_typo_font_size_unit":"px","ocean_menu_typo_font_weight":"","ocean_menu_typo_font_weight_tablet":"","ocean_menu_typo_font_weight_mobile":"","ocean_menu_typo_transform":"","ocean_menu_typo_transform_tablet":"","ocean_menu_typo_transform_mobile":"","ocean_menu_typo_line_height":0,"ocean_menu_typo_line_height_tablet":0,"ocean_menu_typo_line_height_mobile":0,"ocean_menu_typo_line_height_unit":"","ocean_menu_typo_spacing":0,"ocean_menu_typo_spacing_tablet":0,"ocean_menu_typo_spacing_mobile":0,"ocean_menu_typo_spacing_unit":"","ocean_menu_link_color":"","ocean_menu_link_color_hover":"","ocean_menu_link_color_active":"","ocean_menu_link_background":"","ocean_menu_link_hover_background":"","ocean_menu_link_active_background":"","ocean_menu_social_links_bg":"","ocean_menu_social_hover_links_bg":"","ocean_menu_social_links_color":"","ocean_menu_social_hover_links_color":"","ocean_disable_title":"default","ocean_disable_heading":"default","ocean_post_title":"","ocean_post_subheading":"","ocean_post_title_style":"","ocean_post_title_background_color":"","ocean_post_title_background":0,"ocean_post_title_bg_image_position":"","ocean_post_title_bg_image_attachment":"","ocean_post_title_bg_image_repeat":"","ocean_post_title_bg_image_size":"","ocean_post_title_height":0,"ocean_post_title_bg_overlay":0.5,"ocean_post_title_bg_overlay_color":"","ocean_disable_breadcrumbs":"default","ocean_breadcrumbs_color":"","ocean_breadcrumbs_separator_color":"","ocean_breadcrumbs_links_color":"","ocean_breadcrumbs_links_hover_color":"","ocean_display_footer_widgets":"default","ocean_display_footer_bottom":"default","ocean_custom_footer_template":"","ocean_post_oembed":"","ocean_post_self_hosted_media":"","ocean_post_video_embed":"","ocean_link_format":"","ocean_link_format_target":"self","ocean_quote_format":"","ocean_quote_format_link":"post","ocean_gallery_link_images":"on","ocean_gallery_id":[],"footnotes":""},"categories":[5],"tags":[],"class_list":["post-3529","post","type-post","status-publish","format-standard","hentry","category-kunngjoringer","entry"],"_links":{"self":[{"href":"https:\/\/www.stjohannes.no\/index.php?rest_route=\/wp\/v2\/posts\/3529","targetHints":{"allow":["GET"]}}],"collection":[{"href":"https:\/\/www.stjohannes.no\/index.php?rest_route=\/wp\/v2\/posts"}],"about":[{"href":"https:\/\/www.stjohannes.no\/index.php?rest_route=\/wp\/v2\/types\/post"}],"author":[{"embeddable":true,"href":"https:\/\/www.stjohannes.no\/index.php?rest_route=\/wp\/v2\/users\/7"}],"replies":[{"embeddable":true,"href":"https:\/\/www.stjohannes.no\/index.php?rest_route=%2Fwp%2Fv2%2Fcomments&post=3529"}],"version-history":[{"count":0,"href":"https:\/\/www.stjohannes.no\/index.php?rest_route=\/wp\/v2\/posts\/3529\/revisions"}],"wp:attachment":[{"href":"https:\/\/www.stjohannes.no\/index.php?rest_route=%2Fwp%2Fv2%2Fmedia&parent=3529"}],"wp:term":[{"taxonomy":"category","embeddable":true,"href":"https:\/\/www.stjohannes.no\/index.php?rest_route=%2Fwp%2Fv2%2Fcategories&post=3529"},{"taxonomy":"post_tag","embeddable":true,"href":"https:\/\/www.stjohannes.no\/index.php?rest_route=%2Fwp%2Fv2%2Ftags&post=3529"}],"curies":[{"name":"wp","href":"https:\/\/api.w.org\/{rel}","templated":true}]}}