{"id":2451,"date":"2013-12-20T19:21:58","date_gmt":"2013-12-20T18:21:58","guid":{"rendered":"http:\/\/stjohannes.oslo.katolsk.no\/?p=2451"},"modified":"2013-12-20T19:21:58","modified_gmt":"2013-12-20T18:21:58","slug":"patronatsfest-for-menigheten","status":"publish","type":"post","link":"https:\/\/www.stjohannes.no\/?p=2451","title":{"rendered":"Patronatsfest for menigheten"},"content":{"rendered":"<div><a href=\"http:\/\/stjohannes.oslo.katolsk.no\/wp-content\/uploads\/2013\/12\/stjohannes2.png\"><img decoding=\"async\" class=\"alignright size-thumbnail wp-image-2452\" alt=\"stjohannes2\" src=\"http:\/\/stjohannes.oslo.katolsk.no\/wp-content\/uploads\/2013\/12\/stjohannes2-150x150.png\" width=\"150\" height=\"150\" \/><\/a><\/div>\n<div><a href=\" http:\/\/stjohannes.oslo.katolsk.no\/?p=2455\"><img decoding=\"async\" class=\"size-full wp-image-2357 alignnone\" alt=\"polsk\" src=\"http:\/\/stjohannes.oslo.katolsk.no\/wp-content\/uploads\/2013\/12\/polsk.gif\" width=\"37\" height=\"24\" \/><\/a>\u00a0<a href=\"http:\/\/stjohannes.oslo.katolsk.no\/?p=2460\"><img decoding=\"async\" class=\"size-full wp-image-2361 alignnone\" alt=\"eng\" src=\"http:\/\/stjohannes.oslo.katolsk.no\/wp-content\/uploads\/2013\/12\/eng.png\" width=\"34\" height=\"24\" \/><\/a>\u00a0<a href=\"http:\/\/stjohannes.oslo.katolsk.no\/?p=2469\">Ti\u1ebfng vi\u1ec7t<\/a><\/div>\n<div><\/div>\n<div>Festen for St. Johannes apostel dukker opp i kalenderen n\u00e5r vi begynner \u00e5 n\u00e6rme oss slutten av \u00e5ret. Menigheten v\u00e5r har St. Johannes apostel som skytshelgen. Dermed blir dette v\u00e5r aller f\u00f8rste patronatsfeiring som avholdes l\u00f8rdag 28. desember kl. 13:00 med feiring i menighetslokalet.\u00a0Vi er velsignet med \u00e5 f\u00e5 leie Bredtvedt kirke til v\u00e5re katolske virksomheter; daglig messe-feiring, katekeseundervisning, barne- og ungdomsarbeid, korvirksomhet, og til sjelesorg for de mangfoldige nasjonaliteter som vi har i menigheten. Pr dags dato har vi litt overkant av 7.500 medlemmer, og vi er i stadig utvikling. La oss komme sammen og be for menighetens hellighet i det hun gj\u00f8r; forkynne Guds rike til alle nasjoner.<\/div>\n<div><strong>I lyset av juletiden, inviteres alle sammen til Patronatsfeiring ved h\u00f8ymesse l\u00f8rdag 28. desember kl. 13:00 etterfulgt med fest.<\/strong><\/div>\n","protected":false},"excerpt":{"rendered":"<p>\u00a0\u00a0Ti\u1ebfng vi\u1ec7t Festen for St. Johannes apostel dukker opp i kalenderen n\u00e5r vi begynner \u00e5 n\u00e6rme oss slutten av \u00e5ret. Menigheten v\u00e5r har St. Johannes apostel som skytshelgen. Dermed blir dette v\u00e5r aller f\u00f8rste patronatsfeiring som avholdes l\u00f8rdag 28. desember kl. 13:00 med feiring i menighetslokalet.\u00a0Vi er velsignet med \u00e5 f\u00e5 leie Bredtvedt kirke til [&hellip;]<\/p>\n","protected":false},"author":7,"featured_media":0,"comment_status":"closed","ping_status":"open","sticky":false,"template":"","format":"standard","meta":{"ocean_post_layout":"","ocean_both_sidebars_style":"","ocean_both_sidebars_content_width":0,"ocean_both_sidebars_sidebars_width":0,"ocean_sidebar":"","ocean_second_sidebar":"","ocean_disable_margins":"enable","ocean_add_body_class":"","ocean_shortcode_before_top_bar":"","ocean_shortcode_after_top_bar":"","ocean_shortcode_before_header":"","ocean_shortcode_after_header":"","ocean_has_shortcode":"","ocean_shortcode_after_title":"","ocean_shortcode_before_footer_widgets":"","ocean_shortcode_after_footer_widgets":"","ocean_shortcode_before_footer_bottom":"","ocean_shortcode_after_footer_bottom":"","ocean_display_top_bar":"default","ocean_display_header":"default","ocean_header_style":"","ocean_center_header_left_menu":"","ocean_custom_header_template":"","ocean_custom_logo":0,"ocean_custom_retina_logo":0,"ocean_custom_logo_max_width":0,"ocean_custom_logo_tablet_max_width":0,"ocean_custom_logo_mobile_max_width":0,"ocean_custom_logo_max_height":0,"ocean_custom_logo_tablet_max_height":0,"ocean_custom_logo_mobile_max_height":0,"ocean_header_custom_menu":"","ocean_menu_typo_font_family":"","ocean_menu_typo_font_subset":"","ocean_menu_typo_font_size":0,"ocean_menu_typo_font_size_tablet":0,"ocean_menu_typo_font_size_mobile":0,"ocean_menu_typo_font_size_unit":"px","ocean_menu_typo_font_weight":"","ocean_menu_typo_font_weight_tablet":"","ocean_menu_typo_font_weight_mobile":"","ocean_menu_typo_transform":"","ocean_menu_typo_transform_tablet":"","ocean_menu_typo_transform_mobile":"","ocean_menu_typo_line_height":0,"ocean_menu_typo_line_height_tablet":0,"ocean_menu_typo_line_height_mobile":0,"ocean_menu_typo_line_height_unit":"","ocean_menu_typo_spacing":0,"ocean_menu_typo_spacing_tablet":0,"ocean_menu_typo_spacing_mobile":0,"ocean_menu_typo_spacing_unit":"","ocean_menu_link_color":"","ocean_menu_link_color_hover":"","ocean_menu_link_color_active":"","ocean_menu_link_background":"","ocean_menu_link_hover_background":"","ocean_menu_link_active_background":"","ocean_menu_social_links_bg":"","ocean_menu_social_hover_links_bg":"","ocean_menu_social_links_color":"","ocean_menu_social_hover_links_color":"","ocean_disable_title":"default","ocean_disable_heading":"default","ocean_post_title":"","ocean_post_subheading":"","ocean_post_title_style":"","ocean_post_title_background_color":"","ocean_post_title_background":0,"ocean_post_title_bg_image_position":"","ocean_post_title_bg_image_attachment":"","ocean_post_title_bg_image_repeat":"","ocean_post_title_bg_image_size":"","ocean_post_title_height":0,"ocean_post_title_bg_overlay":0.5,"ocean_post_title_bg_overlay_color":"","ocean_disable_breadcrumbs":"default","ocean_breadcrumbs_color":"","ocean_breadcrumbs_separator_color":"","ocean_breadcrumbs_links_color":"","ocean_breadcrumbs_links_hover_color":"","ocean_display_footer_widgets":"default","ocean_display_footer_bottom":"default","ocean_custom_footer_template":"","ocean_post_oembed":"","ocean_post_self_hosted_media":"","ocean_post_video_embed":"","ocean_link_format":"","ocean_link_format_target":"self","ocean_quote_format":"","ocean_quote_format_link":"post","ocean_gallery_link_images":"on","ocean_gallery_id":[],"footnotes":""},"categories":[5],"tags":[],"class_list":["post-2451","post","type-post","status-publish","format-standard","hentry","category-kunngjoringer","entry"],"_links":{"self":[{"href":"https:\/\/www.stjohannes.no\/index.php?rest_route=\/wp\/v2\/posts\/2451","targetHints":{"allow":["GET"]}}],"collection":[{"href":"https:\/\/www.stjohannes.no\/index.php?rest_route=\/wp\/v2\/posts"}],"about":[{"href":"https:\/\/www.stjohannes.no\/index.php?rest_route=\/wp\/v2\/types\/post"}],"author":[{"embeddable":true,"href":"https:\/\/www.stjohannes.no\/index.php?rest_route=\/wp\/v2\/users\/7"}],"replies":[{"embeddable":true,"href":"https:\/\/www.stjohannes.no\/index.php?rest_route=%2Fwp%2Fv2%2Fcomments&post=2451"}],"version-history":[{"count":0,"href":"https:\/\/www.stjohannes.no\/index.php?rest_route=\/wp\/v2\/posts\/2451\/revisions"}],"wp:attachment":[{"href":"https:\/\/www.stjohannes.no\/index.php?rest_route=%2Fwp%2Fv2%2Fmedia&parent=2451"}],"wp:term":[{"taxonomy":"category","embeddable":true,"href":"https:\/\/www.stjohannes.no\/index.php?rest_route=%2Fwp%2Fv2%2Fcategories&post=2451"},{"taxonomy":"post_tag","embeddable":true,"href":"https:\/\/www.stjohannes.no\/index.php?rest_route=%2Fwp%2Fv2%2Ftags&post=2451"}],"curies":[{"name":"wp","href":"https:\/\/api.w.org\/{rel}","templated":true}]}}