{"id":2271,"date":"2013-11-29T16:27:20","date_gmt":"2013-11-29T15:27:20","guid":{"rendered":"http:\/\/stjohannes.oslo.katolsk.no\/?p=2271"},"modified":"2013-11-29T16:27:20","modified_gmt":"2013-11-29T15:27:20","slug":"foreldre-brev-for-desember-2013","status":"publish","type":"post","link":"https:\/\/www.stjohannes.no\/?p=2271","title":{"rendered":"Foreldrebrev for Desember 2013"},"content":{"rendered":"<p>Kj\u00e6re foreldre til katekesebarn i 2. til 7. klasse! \u00a0(<a href=\"http:\/\/stjohannes.oslo.katolsk.no\/wp-content\/uploads\/2013\/11\/Foreldrebrev-desember-2013.doc\">last ned<\/a>\u00a0 brevet i Word-format)<\/p>\n<p><b>L\u00f8rdag den 7. desember 2013 <\/b><b>inviteres barna til\u00a0katekese i St. Johannes menighet.<\/b><b>Undervisningen begynner kl. 10.00. HJERTELIG VELKOMMEN!<\/b><\/p>\n<p>Barna m\u00f8ter opp i klasserommene sine, der de kan legge fra seg sekker\/vesker og yttert\u00f8y. Alle samles i kirkerommet. Dere foreldrene er hjertelig velkommen. <b>Vi begynner i kirken kl. 10.00.<\/b><\/p>\n<p><b>FORSONINGENES SAKRAMENT &#8211; SKRIFTEM\u00c5L<\/b><\/p>\n<p>Tema for undervisningsdagen er advent og jul. Advent \u2013 av det latinske ordet adventus, \u00abkomme\u00bb, betegner tiden Kirken forbereder seg til \u00e5 ta imot Kristus. Advent er h\u00e5pets og forventningens tid, da Kirken maner oss til \u00e5rv\u00e5kenhet og \u00e5ndelig fornyelse.<\/p>\n<p>Som en naturlig forberedelse til \u00e5 feire den store h\u00f8ytiden, f\u00e5r alle i katekesen tilbud om \u00e5 motta Forsoningens sakrament \/ g\u00e5 til skrifte denne dagen. Som innledning p\u00e5 undervisningsdagen, h\u00f8rer vi hvordan vi kan forberede oss til jul. Vi vil ved hjelp av skriftespeil (lysbilder med refleksjoner knyttet til hvert av de ti bud \u2013 tilpasset barn) forberede oss til \u00e5 g\u00e5 til skrifte. B\u00e5de kateketene og foreldrene er velkommen til \u00e5 motta Forsoningens sakrament samtidig med barna. P\u00e5 den m\u00e5ten kan vi v\u00e6re gode forbilder for barna. \u00d8nsker dere ikke \u00e5 skrifte denne dagen, anbefales dere \u00e5 knele ned hos en av prestene og f\u00e5 en velsignelse.<\/p>\n<p><b>&#8211; OG FORELDREKATEKESE <\/b><\/p>\n<p>Pater Phu og pater Jon Atle h\u00f8rer skriftem\u00e5l, mens pater Haavar inviterer foreldre til foreldrekatekese mens barna har katekese. Pater Haavar er ogs\u00e5 tilgjengelig for \u00e5 h\u00f8re skriftem\u00e5l. Som dere ser, er vi i gode hender n\u00e5r vi f\u00e5r denne muligheten til \u00e5 foreta en indre \u00abjulerengj\u00f8ring\u00bb.<\/p>\n<p>Barn som ikke har mottatt 1. hellige kommunion, f\u00e5r kjennskap til skriftem\u00e5let, men skal forberedes mer f\u00f8r de selv mottar dette sakramentet kort tid f\u00f8r mottagelse av 1. kommunion.<\/p>\n<p><b>&#8211; ANDRE JULEFORBEREDELSER<\/b><\/p>\n<p>Kateketene forbereder undervisning for det enkelte klassetrinn, og har Kirkens feiring av Kristi komme i fokus. Barna l\u00e6rer om \u00e5rets Adventsaksjon \u2013 et \u00e5rlig samarbeid mellom Norges Unge Katolikker \/ <a href=\"http:\/\/www.nuk.no\/\">www.nuk.no<\/a> og <a href=\"http:\/\/www.caritas.no\/\">www.caritas.no<\/a> Juleevangeliet st\u00e5r sentralt b\u00e5de i ord og handling.<\/p>\n<p><b>KATEKESEMESSEN<\/b><\/p>\n<p>Elevene i 6. og 7. klasse planlegger en fin overraskelse for oss f\u00f8r katekesemessen. Vi h\u00e5per riktig mange foreldre vil komme \u2013 sitt gjerne sammen med barna klassevis &#8211; sammen med kateketene.<\/p>\n<p align=\"center\"><b>VELSIGNET ADVENTSTID!<\/b><\/p>\n<p>Se neste side om katekesebetaling og medlemskap i Norges Unge Katolikker.<\/p>\n<p>OM KATEKESEBETALING OG MEDLEMSSKAP I NORGES UNGE KATOLIKKER \/ NUK<\/p>\n<p>Med dette tillater jeg meg \u00e5 minne om betaling av katekeseavgift for innev\u00e6rende skole\u00e5r 2013\/2014 &#8211; for de av dere som ikke har betalt enn\u00e5.<\/p>\n<p align=\"center\">(Vi takker alle som har betalt, og ber dere se bort fra dette brevet.)<\/p>\n<div>\n<p><i>Betaling til: \u00a0\u00a0\u00a0\u00a0\u00a0\u00a0\u00a0\u00a0\u00a0 <\/i><\/p>\n<p><b>St. Johannes, apostel og evangelist menighet<\/b><\/p>\n<p><i>Kontonummer: \u00a0\u00a0\u00a0\u00a0\u00a0\u00a0\u00a0\u00a0 <\/i><\/p>\n<p style=\"padding-left: 30px;\"><b>3000.30.11859<\/b><\/p>\n<p><i>Skriv informasjon p\u00e5 blanketten \/nettbankblanketten: \u00a0\u00a0\u00a0\u00a0\u00a0\u00a0\u00a0\u00a0\u00a0\u00a0\u00a0\u00a0\u00a0 <\/i><\/p>\n<p><b>Katekeseavgift, barnets\/ barnas navn\u00a0og klassetrinn. <\/b><\/p>\n<p>Informasjon:<\/p>\n<p>For ett barn kr.\u00a0500,-<\/p>\n<p>For det\u00a0(de neste) neste\u00a0barnet\u00a0(barna) kr. 250,-<\/p>\n<p>Bruk helst nettbank ved betaling. Katekeseavgiften for barna kan ogs\u00e5 skje ved kontantbetaling\u00a0den dagen\u00a0barna har undervisning.<\/p>\n<\/div>\n<p>Av disse pengene sender menigheten kr. 100,- for hvert barn som medlemskontingent i Kirkens egen barne- og ungdomsorganisasjon som heter Norges Unge Katolikker (NUK). Menigheten har ikke mottatt tilbakemelding fra foreldre om \u00e5 reservere barna mot \u00e5 bli meldt inn i NUK gjennom St. Johannes apostel og evangelist menighet (se informasjon i brev sendt alle familier med barn og unge i katekesealder i St. Johannes menighet i august 2013.)<\/p>\n<p>Se <span style=\"text-decoration: underline;\"><a href=\"http:\/\/www.nuk.no\/\">www.nuk.no<\/a><\/span> dersom dere\u00a0\u00f8nsker \u00e5 vite mer om NUK.<\/p>\n<p>Dersom dere \u00f8nsker mail p\u00e5 andre mailadresser enn den dere mottar dette brevet p\u00e5, s\u00e5 vennligst send meg en mail om det: <a href=\"mailto:Ingrid.Paluska@katolsk.no\">Ingrid.Paluska@katolsk.no<\/a><\/p>\n<p align=\"center\">Med vennlig hilsen<br \/>\nSt. Johannes, apostel og evangelist menighet (<a href=\"http:\/\/stjohannes.oslo.katolsk.no\/\">http:\/\/stjohannes.oslo.katolsk.no\/<\/a>)<br \/>\nIngrid Elisabeth Paluska<br \/>\nkatekesekoordinator<\/p>\n","protected":false},"excerpt":{"rendered":"<p>Kj\u00e6re foreldre til katekesebarn i 2. til 7. klasse! \u00a0(last ned\u00a0 brevet i Word-format) L\u00f8rdag den 7. desember 2013 inviteres barna til\u00a0katekese i St. Johannes menighet.Undervisningen begynner kl. 10.00. HJERTELIG VELKOMMEN! Barna m\u00f8ter opp i klasserommene sine, der de kan legge fra seg sekker\/vesker og yttert\u00f8y. Alle samles i kirkerommet. Dere foreldrene er hjertelig velkommen. [&hellip;]<\/p>\n","protected":false},"author":7,"featured_media":0,"comment_status":"closed","ping_status":"open","sticky":false,"template":"","format":"standard","meta":{"ocean_post_layout":"","ocean_both_sidebars_style":"","ocean_both_sidebars_content_width":0,"ocean_both_sidebars_sidebars_width":0,"ocean_sidebar":"","ocean_second_sidebar":"","ocean_disable_margins":"enable","ocean_add_body_class":"","ocean_shortcode_before_top_bar":"","ocean_shortcode_after_top_bar":"","ocean_shortcode_before_header":"","ocean_shortcode_after_header":"","ocean_has_shortcode":"","ocean_shortcode_after_title":"","ocean_shortcode_before_footer_widgets":"","ocean_shortcode_after_footer_widgets":"","ocean_shortcode_before_footer_bottom":"","ocean_shortcode_after_footer_bottom":"","ocean_display_top_bar":"default","ocean_display_header":"default","ocean_header_style":"","ocean_center_header_left_menu":"","ocean_custom_header_template":"","ocean_custom_logo":0,"ocean_custom_retina_logo":0,"ocean_custom_logo_max_width":0,"ocean_custom_logo_tablet_max_width":0,"ocean_custom_logo_mobile_max_width":0,"ocean_custom_logo_max_height":0,"ocean_custom_logo_tablet_max_height":0,"ocean_custom_logo_mobile_max_height":0,"ocean_header_custom_menu":"","ocean_menu_typo_font_family":"","ocean_menu_typo_font_subset":"","ocean_menu_typo_font_size":0,"ocean_menu_typo_font_size_tablet":0,"ocean_menu_typo_font_size_mobile":0,"ocean_menu_typo_font_size_unit":"px","ocean_menu_typo_font_weight":"","ocean_menu_typo_font_weight_tablet":"","ocean_menu_typo_font_weight_mobile":"","ocean_menu_typo_transform":"","ocean_menu_typo_transform_tablet":"","ocean_menu_typo_transform_mobile":"","ocean_menu_typo_line_height":0,"ocean_menu_typo_line_height_tablet":0,"ocean_menu_typo_line_height_mobile":0,"ocean_menu_typo_line_height_unit":"","ocean_menu_typo_spacing":0,"ocean_menu_typo_spacing_tablet":0,"ocean_menu_typo_spacing_mobile":0,"ocean_menu_typo_spacing_unit":"","ocean_menu_link_color":"","ocean_menu_link_color_hover":"","ocean_menu_link_color_active":"","ocean_menu_link_background":"","ocean_menu_link_hover_background":"","ocean_menu_link_active_background":"","ocean_menu_social_links_bg":"","ocean_menu_social_hover_links_bg":"","ocean_menu_social_links_color":"","ocean_menu_social_hover_links_color":"","ocean_disable_title":"default","ocean_disable_heading":"default","ocean_post_title":"","ocean_post_subheading":"","ocean_post_title_style":"","ocean_post_title_background_color":"","ocean_post_title_background":0,"ocean_post_title_bg_image_position":"","ocean_post_title_bg_image_attachment":"","ocean_post_title_bg_image_repeat":"","ocean_post_title_bg_image_size":"","ocean_post_title_height":0,"ocean_post_title_bg_overlay":0.5,"ocean_post_title_bg_overlay_color":"","ocean_disable_breadcrumbs":"default","ocean_breadcrumbs_color":"","ocean_breadcrumbs_separator_color":"","ocean_breadcrumbs_links_color":"","ocean_breadcrumbs_links_hover_color":"","ocean_display_footer_widgets":"default","ocean_display_footer_bottom":"default","ocean_custom_footer_template":"","ocean_post_oembed":"","ocean_post_self_hosted_media":"","ocean_post_video_embed":"","ocean_link_format":"","ocean_link_format_target":"self","ocean_quote_format":"","ocean_quote_format_link":"post","ocean_gallery_link_images":"on","ocean_gallery_id":[],"footnotes":""},"categories":[5],"tags":[],"class_list":["post-2271","post","type-post","status-publish","format-standard","hentry","category-kunngjoringer","entry"],"_links":{"self":[{"href":"https:\/\/www.stjohannes.no\/index.php?rest_route=\/wp\/v2\/posts\/2271","targetHints":{"allow":["GET"]}}],"collection":[{"href":"https:\/\/www.stjohannes.no\/index.php?rest_route=\/wp\/v2\/posts"}],"about":[{"href":"https:\/\/www.stjohannes.no\/index.php?rest_route=\/wp\/v2\/types\/post"}],"author":[{"embeddable":true,"href":"https:\/\/www.stjohannes.no\/index.php?rest_route=\/wp\/v2\/users\/7"}],"replies":[{"embeddable":true,"href":"https:\/\/www.stjohannes.no\/index.php?rest_route=%2Fwp%2Fv2%2Fcomments&post=2271"}],"version-history":[{"count":0,"href":"https:\/\/www.stjohannes.no\/index.php?rest_route=\/wp\/v2\/posts\/2271\/revisions"}],"wp:attachment":[{"href":"https:\/\/www.stjohannes.no\/index.php?rest_route=%2Fwp%2Fv2%2Fmedia&parent=2271"}],"wp:term":[{"taxonomy":"category","embeddable":true,"href":"https:\/\/www.stjohannes.no\/index.php?rest_route=%2Fwp%2Fv2%2Fcategories&post=2271"},{"taxonomy":"post_tag","embeddable":true,"href":"https:\/\/www.stjohannes.no\/index.php?rest_route=%2Fwp%2Fv2%2Ftags&post=2271"}],"curies":[{"name":"wp","href":"https:\/\/api.w.org\/{rel}","templated":true}]}}