{"id":2181,"date":"2013-11-16T19:35:25","date_gmt":"2013-11-16T18:35:25","guid":{"rendered":"http:\/\/stjohannes.oslo.katolsk.no\/?p=2181"},"modified":"2013-11-16T19:35:25","modified_gmt":"2013-11-16T18:35:25","slug":"msza-requiem","status":"publish","type":"post","link":"https:\/\/www.stjohannes.no\/?p=2181","title":{"rendered":"MSZA REQUIEM"},"content":{"rendered":"<p dir=\"ltr\"><a href=\"http:\/\/stjohannes.oslo.katolsk.no\/?p=2163\"><img decoding=\"async\" class=\"alignnone size-full wp-image-2122\" alt=\"nb-NO\" src=\"http:\/\/stjohannes.oslo.katolsk.no\/wp-content\/uploads\/2013\/11\/nb-NO.gif\" width=\"27\" height=\"18\" \/><\/a>\u00a0<a href=\"http:\/\/stjohannes.oslo.katolsk.no\/?p=2188\"><img decoding=\"async\" class=\"alignnone  wp-image-2009\" alt=\"English\" src=\"http:\/\/stjohannes.oslo.katolsk.no\/wp-content\/uploads\/2013\/10\/English.png\" width=\"24\" height=\"24\" \/><\/a><\/p>\n<p dir=\"ltr\" style=\"text-align: center;\"><strong>Ko\u015bci\u00f3\u0142 \u015bw. Jana na Bredtvet<\/strong><br \/>\n<strong> Pi\u0105tek, 22. listopada godz.18:00<\/strong><br \/>\n<strong> z biskupem Berntem Eidsvigem<\/strong><\/p>\n<p dir=\"ltr\">W intencji ofiar niedawnej katastrofy na Filipinach zostanie odprawiona w diecezji Oslo msza \u015bw. pod przewodnictwem biskupa Bernta Eidsviga w ko\u015bciele \u015bw. Jana na Bredtvet w pi\u0105tek, 22. listopada o godz.18:00. Sk\u0142adka z mszy \u015bw. sprawowanych w najbli\u017csz\u0105 sobot\u0119 i niedziel\u0119, 16\/17. listopada zostanie w ca\u0142o\u015bci przekazana norweskiej Caritas, kt\u00f3ra jest jedyn\u0105 w naszym rejonie organizacj\u0105 udzielaj\u0105c\u0105 pomocy ofiarom.<\/p>\n<p dir=\"ltr\">12.11.2013 \/ \u00a0p. Haavar Simon Nilsen,<\/p>\n<p>Kapellan &#8211; St Johannes menighet<\/p>\n","protected":false},"excerpt":{"rendered":"<p>\u00a0 Ko\u015bci\u00f3\u0142 \u015bw. Jana na Bredtvet Pi\u0105tek, 22. listopada godz.18:00 z biskupem Berntem Eidsvigem W intencji ofiar niedawnej katastrofy na Filipinach zostanie odprawiona w diecezji Oslo msza \u015bw. pod przewodnictwem biskupa Bernta Eidsviga w ko\u015bciele \u015bw. Jana na Bredtvet w pi\u0105tek, 22. listopada o godz.18:00. Sk\u0142adka z mszy \u015bw. sprawowanych w najbli\u017csz\u0105 sobot\u0119 i niedziel\u0119, [&hellip;]<\/p>\n","protected":false},"author":7,"featured_media":0,"comment_status":"closed","ping_status":"open","sticky":false,"template":"","format":"standard","meta":{"ocean_post_layout":"","ocean_both_sidebars_style":"","ocean_both_sidebars_content_width":0,"ocean_both_sidebars_sidebars_width":0,"ocean_sidebar":"","ocean_second_sidebar":"","ocean_disable_margins":"enable","ocean_add_body_class":"","ocean_shortcode_before_top_bar":"","ocean_shortcode_after_top_bar":"","ocean_shortcode_before_header":"","ocean_shortcode_after_header":"","ocean_has_shortcode":"","ocean_shortcode_after_title":"","ocean_shortcode_before_footer_widgets":"","ocean_shortcode_after_footer_widgets":"","ocean_shortcode_before_footer_bottom":"","ocean_shortcode_after_footer_bottom":"","ocean_display_top_bar":"default","ocean_display_header":"default","ocean_header_style":"","ocean_center_header_left_menu":"","ocean_custom_header_template":"","ocean_custom_logo":0,"ocean_custom_retina_logo":0,"ocean_custom_logo_max_width":0,"ocean_custom_logo_tablet_max_width":0,"ocean_custom_logo_mobile_max_width":0,"ocean_custom_logo_max_height":0,"ocean_custom_logo_tablet_max_height":0,"ocean_custom_logo_mobile_max_height":0,"ocean_header_custom_menu":"","ocean_menu_typo_font_family":"","ocean_menu_typo_font_subset":"","ocean_menu_typo_font_size":0,"ocean_menu_typo_font_size_tablet":0,"ocean_menu_typo_font_size_mobile":0,"ocean_menu_typo_font_size_unit":"px","ocean_menu_typo_font_weight":"","ocean_menu_typo_font_weight_tablet":"","ocean_menu_typo_font_weight_mobile":"","ocean_menu_typo_transform":"","ocean_menu_typo_transform_tablet":"","ocean_menu_typo_transform_mobile":"","ocean_menu_typo_line_height":0,"ocean_menu_typo_line_height_tablet":0,"ocean_menu_typo_line_height_mobile":0,"ocean_menu_typo_line_height_unit":"","ocean_menu_typo_spacing":0,"ocean_menu_typo_spacing_tablet":0,"ocean_menu_typo_spacing_mobile":0,"ocean_menu_typo_spacing_unit":"","ocean_menu_link_color":"","ocean_menu_link_color_hover":"","ocean_menu_link_color_active":"","ocean_menu_link_background":"","ocean_menu_link_hover_background":"","ocean_menu_link_active_background":"","ocean_menu_social_links_bg":"","ocean_menu_social_hover_links_bg":"","ocean_menu_social_links_color":"","ocean_menu_social_hover_links_color":"","ocean_disable_title":"default","ocean_disable_heading":"default","ocean_post_title":"","ocean_post_subheading":"","ocean_post_title_style":"","ocean_post_title_background_color":"","ocean_post_title_background":0,"ocean_post_title_bg_image_position":"","ocean_post_title_bg_image_attachment":"","ocean_post_title_bg_image_repeat":"","ocean_post_title_bg_image_size":"","ocean_post_title_height":0,"ocean_post_title_bg_overlay":0.5,"ocean_post_title_bg_overlay_color":"","ocean_disable_breadcrumbs":"default","ocean_breadcrumbs_color":"","ocean_breadcrumbs_separator_color":"","ocean_breadcrumbs_links_color":"","ocean_breadcrumbs_links_hover_color":"","ocean_display_footer_widgets":"default","ocean_display_footer_bottom":"default","ocean_custom_footer_template":"","ocean_post_oembed":"","ocean_post_self_hosted_media":"","ocean_post_video_embed":"","ocean_link_format":"","ocean_link_format_target":"self","ocean_quote_format":"","ocean_quote_format_link":"post","ocean_gallery_link_images":"on","ocean_gallery_id":[],"footnotes":""},"categories":[7],"tags":[],"class_list":["post-2181","post","type-post","status-publish","format-standard","hentry","category-polski","entry"],"_links":{"self":[{"href":"https:\/\/www.stjohannes.no\/index.php?rest_route=\/wp\/v2\/posts\/2181","targetHints":{"allow":["GET"]}}],"collection":[{"href":"https:\/\/www.stjohannes.no\/index.php?rest_route=\/wp\/v2\/posts"}],"about":[{"href":"https:\/\/www.stjohannes.no\/index.php?rest_route=\/wp\/v2\/types\/post"}],"author":[{"embeddable":true,"href":"https:\/\/www.stjohannes.no\/index.php?rest_route=\/wp\/v2\/users\/7"}],"replies":[{"embeddable":true,"href":"https:\/\/www.stjohannes.no\/index.php?rest_route=%2Fwp%2Fv2%2Fcomments&post=2181"}],"version-history":[{"count":0,"href":"https:\/\/www.stjohannes.no\/index.php?rest_route=\/wp\/v2\/posts\/2181\/revisions"}],"wp:attachment":[{"href":"https:\/\/www.stjohannes.no\/index.php?rest_route=%2Fwp%2Fv2%2Fmedia&parent=2181"}],"wp:term":[{"taxonomy":"category","embeddable":true,"href":"https:\/\/www.stjohannes.no\/index.php?rest_route=%2Fwp%2Fv2%2Fcategories&post=2181"},{"taxonomy":"post_tag","embeddable":true,"href":"https:\/\/www.stjohannes.no\/index.php?rest_route=%2Fwp%2Fv2%2Ftags&post=2181"}],"curies":[{"name":"wp","href":"https:\/\/api.w.org\/{rel}","templated":true}]}}