{"id":1994,"date":"2013-10-20T20:21:54","date_gmt":"2013-10-20T18:21:54","guid":{"rendered":"http:\/\/stjohannes.oslo.katolsk.no\/?p=1994"},"modified":"2013-10-20T20:21:54","modified_gmt":"2013-10-20T18:21:54","slug":"nadchodzace-swieta-wszystkich-swietych-1-listopada-i-dzien-zaduszny-2-listopada","status":"publish","type":"post","link":"https:\/\/www.stjohannes.no\/?p=1994","title":{"rendered":"Nadchodz\u0105ce \u015bwi\u0119ta:   Wszystkich \u015awi\u0119tych (1. listopada) i Dzie\u0144 Zaduszny (2. listopada)"},"content":{"rendered":"<p dir=\"ltr\">Msza \u015bwi\u0119ta w Dniu Wszystkich \u015awi\u0119tych odprawiona zostanie w pi\u0105tek, 01. listopada o godz. 18:00. W sobot\u0119 02. listopada odprawione b\u0119d\u0105 dwie msze \u015bw., pierwsza o godz. 13:00, a druga wieczorem o godz. 18:00.<\/p>\n<p dir=\"ltr\">\n<p dir=\"ltr\">W Dzie\u0144 Zaduszny wspominamy wszystkich, kt\u00f3rzy odeszli przed nami do Pana w znaku wiary. Podczas obu mszy \u015bw. wystawione b\u0119d\u0105 tablice z imionami \/nazwiskami zmar\u0142ych cz\u0142onk\u00f3w naszych rodzin, krewnych, przyjaci\u00f3\u0142 lub znajomych. Imiona zostan\u0105 odczytane przed msz\u0105 \u015bw. podczas kt\u00f3rej b\u0119dziemy szczeg\u00f3lnie gor\u0105co dla nich prosi\u0107 o \u0142ask\u0119 Nieba.<\/p>\n<p dir=\"ltr\">Je\u015bli chcesz, aby w ten spos\u00f3b wsp\u00f3lnie modli\u0107 si\u0119 w intencji twoich bliskich zmar\u0142ych, prosimy najp\u00f3\u017aniej do poniedzia\u0142ku, 28. pa\u017adziernika, o:<\/p>\n<ul>\n<li dir=\"ltr\">\n<p dir=\"ltr\">dostarczenie ich imion do biura parafialnego,<\/p>\n<\/li>\n<li dir=\"ltr\">\n<p dir=\"ltr\">do kt\u00f3rego\u015b z naszych kap\u0142an\u00f3w,<\/p>\n<\/li>\n<li dir=\"ltr\">\n<p dir=\"ltr\">mailowo na adres: <a href=\"mailto:Oslo-St.Johannes@katolsk.no\">Oslo-St.Johannes@katolsk.no<\/a> ,<\/p>\n<\/li>\n<li dir=\"ltr\">\n<p dir=\"ltr\">lub telefonicznie pod numerem 23 68 11 00.<\/p>\n<\/li>\n<\/ul>\n<p dir=\"ltr\">\n<p dir=\"ltr\">Msze \u015bw. i intencje s\u0105 bezp\u0142atne, b\u0119dziemy jednak bardzo wdzi\u0119czni za ka\u017cd\u0105, z\u0142o\u017con\u0105 przy zg\u0142oszeniu ofiar\u0119 na rzecz parafii. Wysoko\u015b\u0107 ofiar dowolna.<\/p>\n<div><\/div>\n","protected":false},"excerpt":{"rendered":"<p>Msza \u015bwi\u0119ta w Dniu Wszystkich \u015awi\u0119tych odprawiona zostanie w pi\u0105tek, 01. listopada o godz. 18:00. W sobot\u0119 02. listopada odprawione b\u0119d\u0105 dwie msze \u015bw., pierwsza o godz. 13:00, a druga wieczorem o godz. 18:00. W Dzie\u0144 Zaduszny wspominamy wszystkich, kt\u00f3rzy odeszli przed nami do Pana w znaku wiary. Podczas obu mszy \u015bw. wystawione b\u0119d\u0105 tablice [&hellip;]<\/p>\n","protected":false},"author":7,"featured_media":0,"comment_status":"closed","ping_status":"open","sticky":false,"template":"","format":"standard","meta":{"ocean_post_layout":"","ocean_both_sidebars_style":"","ocean_both_sidebars_content_width":0,"ocean_both_sidebars_sidebars_width":0,"ocean_sidebar":"","ocean_second_sidebar":"","ocean_disable_margins":"enable","ocean_add_body_class":"","ocean_shortcode_before_top_bar":"","ocean_shortcode_after_top_bar":"","ocean_shortcode_before_header":"","ocean_shortcode_after_header":"","ocean_has_shortcode":"","ocean_shortcode_after_title":"","ocean_shortcode_before_footer_widgets":"","ocean_shortcode_after_footer_widgets":"","ocean_shortcode_before_footer_bottom":"","ocean_shortcode_after_footer_bottom":"","ocean_display_top_bar":"default","ocean_display_header":"default","ocean_header_style":"","ocean_center_header_left_menu":"","ocean_custom_header_template":"","ocean_custom_logo":0,"ocean_custom_retina_logo":0,"ocean_custom_logo_max_width":0,"ocean_custom_logo_tablet_max_width":0,"ocean_custom_logo_mobile_max_width":0,"ocean_custom_logo_max_height":0,"ocean_custom_logo_tablet_max_height":0,"ocean_custom_logo_mobile_max_height":0,"ocean_header_custom_menu":"","ocean_menu_typo_font_family":"","ocean_menu_typo_font_subset":"","ocean_menu_typo_font_size":0,"ocean_menu_typo_font_size_tablet":0,"ocean_menu_typo_font_size_mobile":0,"ocean_menu_typo_font_size_unit":"px","ocean_menu_typo_font_weight":"","ocean_menu_typo_font_weight_tablet":"","ocean_menu_typo_font_weight_mobile":"","ocean_menu_typo_transform":"","ocean_menu_typo_transform_tablet":"","ocean_menu_typo_transform_mobile":"","ocean_menu_typo_line_height":0,"ocean_menu_typo_line_height_tablet":0,"ocean_menu_typo_line_height_mobile":0,"ocean_menu_typo_line_height_unit":"","ocean_menu_typo_spacing":0,"ocean_menu_typo_spacing_tablet":0,"ocean_menu_typo_spacing_mobile":0,"ocean_menu_typo_spacing_unit":"","ocean_menu_link_color":"","ocean_menu_link_color_hover":"","ocean_menu_link_color_active":"","ocean_menu_link_background":"","ocean_menu_link_hover_background":"","ocean_menu_link_active_background":"","ocean_menu_social_links_bg":"","ocean_menu_social_hover_links_bg":"","ocean_menu_social_links_color":"","ocean_menu_social_hover_links_color":"","ocean_disable_title":"default","ocean_disable_heading":"default","ocean_post_title":"","ocean_post_subheading":"","ocean_post_title_style":"","ocean_post_title_background_color":"","ocean_post_title_background":0,"ocean_post_title_bg_image_position":"","ocean_post_title_bg_image_attachment":"","ocean_post_title_bg_image_repeat":"","ocean_post_title_bg_image_size":"","ocean_post_title_height":0,"ocean_post_title_bg_overlay":0.5,"ocean_post_title_bg_overlay_color":"","ocean_disable_breadcrumbs":"default","ocean_breadcrumbs_color":"","ocean_breadcrumbs_separator_color":"","ocean_breadcrumbs_links_color":"","ocean_breadcrumbs_links_hover_color":"","ocean_display_footer_widgets":"default","ocean_display_footer_bottom":"default","ocean_custom_footer_template":"","ocean_post_oembed":"","ocean_post_self_hosted_media":"","ocean_post_video_embed":"","ocean_link_format":"","ocean_link_format_target":"self","ocean_quote_format":"","ocean_quote_format_link":"post","ocean_gallery_link_images":"on","ocean_gallery_id":[],"footnotes":""},"categories":[7],"tags":[],"class_list":["post-1994","post","type-post","status-publish","format-standard","hentry","category-polski","entry"],"_links":{"self":[{"href":"https:\/\/www.stjohannes.no\/index.php?rest_route=\/wp\/v2\/posts\/1994","targetHints":{"allow":["GET"]}}],"collection":[{"href":"https:\/\/www.stjohannes.no\/index.php?rest_route=\/wp\/v2\/posts"}],"about":[{"href":"https:\/\/www.stjohannes.no\/index.php?rest_route=\/wp\/v2\/types\/post"}],"author":[{"embeddable":true,"href":"https:\/\/www.stjohannes.no\/index.php?rest_route=\/wp\/v2\/users\/7"}],"replies":[{"embeddable":true,"href":"https:\/\/www.stjohannes.no\/index.php?rest_route=%2Fwp%2Fv2%2Fcomments&post=1994"}],"version-history":[{"count":0,"href":"https:\/\/www.stjohannes.no\/index.php?rest_route=\/wp\/v2\/posts\/1994\/revisions"}],"wp:attachment":[{"href":"https:\/\/www.stjohannes.no\/index.php?rest_route=%2Fwp%2Fv2%2Fmedia&parent=1994"}],"wp:term":[{"taxonomy":"category","embeddable":true,"href":"https:\/\/www.stjohannes.no\/index.php?rest_route=%2Fwp%2Fv2%2Fcategories&post=1994"},{"taxonomy":"post_tag","embeddable":true,"href":"https:\/\/www.stjohannes.no\/index.php?rest_route=%2Fwp%2Fv2%2Ftags&post=1994"}],"curies":[{"name":"wp","href":"https:\/\/api.w.org\/{rel}","templated":true}]}}