{"id":1990,"date":"2013-10-20T20:20:03","date_gmt":"2013-10-20T18:20:03","guid":{"rendered":"http:\/\/stjohannes.oslo.katolsk.no\/?p=1990"},"modified":"2013-10-20T20:20:03","modified_gmt":"2013-10-20T18:20:03","slug":"kommende-hoytiderallehelgensdag1-november-og-allesjelersdag-2-november","status":"publish","type":"post","link":"https:\/\/www.stjohannes.no\/?p=1990","title":{"rendered":"Kommende h\u00f8ytider"},"content":{"rendered":"<p><a href=\"http:\/\/stjohannes.oslo.katolsk.no\/?cat=9\" target=\"_blank\"><img decoding=\"async\" class=\"alignnone size-full wp-image-827\" alt=\"poland\" src=\"http:\/\/stjohannes.oslo.katolsk.no\/wp-content\/uploads\/2013\/06\/poland-e1371243052915.gif\" width=\"50\" height=\"33\" \/><\/a>\u00a0<a href=\"http:\/\/stjohannes.oslo.katolsk.no\/?p=1992\" target=\"_blank\"><img decoding=\"async\" class=\"alignnone  wp-image-2009\" alt=\"English\" src=\"http:\/\/stjohannes.oslo.katolsk.no\/wp-content\/uploads\/2013\/10\/English.png\" width=\"24\" height=\"24\" \/><\/a><\/p>\n<p>Menigheten feirer Allehelgensdag fredag 01. november, messe kl. 18:00.\u00a0 Allesjelersdag l\u00f8rdag 02. november\u00a0 feires det ogs\u00e5 messe kl. 13:00 og kl. 18:00.<\/p>\n<p>Til Allesjelersdag, som er en Rekviemmesse for alle avd\u00f8de, minnes vi dem som har g\u00e5tt f\u00f8r oss med Troens segl. I messen vil det settes opp tavler med navn p\u00e5 de avd\u00f8des familie, venner og bekjente i menigheten, samt leses opp f\u00f8r messen, slik at menigheten kan be for de avd\u00f8de. Hvis du \u00f8nsker at din n\u00e6re slekt, dine venner og bekjente skrives i tavlene og bes for i messen, ber vi at navnene\u00a0 leveres til menighetskontoret, eller en av prestene senest mandag 28. oktober. Messen og intensjonen koster ingenting. Men det oppfordres til \u00e5 gi en gave sammen med \u00a0henvendelsen. Hvor mye, er helt opp til den enkelte og gaven g\u00e5r til menigheten.<\/p>\n<p>Navn p\u00e5 avd\u00f8de som \u00f8nskes og bes for eller feire messe for kan ogs\u00e5 sendes inn til:<\/p>\n<p><a href=\"mailto:Oslo-St.Johannes@katolsk.no\">Oslo-St.Johannes@katolsk.no<\/a><\/p>\n<p>Kan ogs\u00e5 gj\u00f8res per. telefon: 23 68 11 00<\/p>\n<p>&nbsp;<\/p>\n","protected":false},"excerpt":{"rendered":"<p>\u00a0 Menigheten feirer Allehelgensdag fredag 01. november, messe kl. 18:00.\u00a0 Allesjelersdag l\u00f8rdag 02. november\u00a0 feires det ogs\u00e5 messe kl. 13:00 og kl. 18:00. Til Allesjelersdag, som er en Rekviemmesse for alle avd\u00f8de, minnes vi dem som har g\u00e5tt f\u00f8r oss med Troens segl. I messen vil det settes opp tavler med navn p\u00e5 de avd\u00f8des [&hellip;]<\/p>\n","protected":false},"author":7,"featured_media":0,"comment_status":"closed","ping_status":"open","sticky":false,"template":"","format":"standard","meta":{"ocean_post_layout":"","ocean_both_sidebars_style":"","ocean_both_sidebars_content_width":0,"ocean_both_sidebars_sidebars_width":0,"ocean_sidebar":"","ocean_second_sidebar":"","ocean_disable_margins":"enable","ocean_add_body_class":"","ocean_shortcode_before_top_bar":"","ocean_shortcode_after_top_bar":"","ocean_shortcode_before_header":"","ocean_shortcode_after_header":"","ocean_has_shortcode":"","ocean_shortcode_after_title":"","ocean_shortcode_before_footer_widgets":"","ocean_shortcode_after_footer_widgets":"","ocean_shortcode_before_footer_bottom":"","ocean_shortcode_after_footer_bottom":"","ocean_display_top_bar":"default","ocean_display_header":"default","ocean_header_style":"","ocean_center_header_left_menu":"","ocean_custom_header_template":"","ocean_custom_logo":0,"ocean_custom_retina_logo":0,"ocean_custom_logo_max_width":0,"ocean_custom_logo_tablet_max_width":0,"ocean_custom_logo_mobile_max_width":0,"ocean_custom_logo_max_height":0,"ocean_custom_logo_tablet_max_height":0,"ocean_custom_logo_mobile_max_height":0,"ocean_header_custom_menu":"","ocean_menu_typo_font_family":"","ocean_menu_typo_font_subset":"","ocean_menu_typo_font_size":0,"ocean_menu_typo_font_size_tablet":0,"ocean_menu_typo_font_size_mobile":0,"ocean_menu_typo_font_size_unit":"px","ocean_menu_typo_font_weight":"","ocean_menu_typo_font_weight_tablet":"","ocean_menu_typo_font_weight_mobile":"","ocean_menu_typo_transform":"","ocean_menu_typo_transform_tablet":"","ocean_menu_typo_transform_mobile":"","ocean_menu_typo_line_height":0,"ocean_menu_typo_line_height_tablet":0,"ocean_menu_typo_line_height_mobile":0,"ocean_menu_typo_line_height_unit":"","ocean_menu_typo_spacing":0,"ocean_menu_typo_spacing_tablet":0,"ocean_menu_typo_spacing_mobile":0,"ocean_menu_typo_spacing_unit":"","ocean_menu_link_color":"","ocean_menu_link_color_hover":"","ocean_menu_link_color_active":"","ocean_menu_link_background":"","ocean_menu_link_hover_background":"","ocean_menu_link_active_background":"","ocean_menu_social_links_bg":"","ocean_menu_social_hover_links_bg":"","ocean_menu_social_links_color":"","ocean_menu_social_hover_links_color":"","ocean_disable_title":"default","ocean_disable_heading":"default","ocean_post_title":"","ocean_post_subheading":"","ocean_post_title_style":"","ocean_post_title_background_color":"","ocean_post_title_background":0,"ocean_post_title_bg_image_position":"","ocean_post_title_bg_image_attachment":"","ocean_post_title_bg_image_repeat":"","ocean_post_title_bg_image_size":"","ocean_post_title_height":0,"ocean_post_title_bg_overlay":0.5,"ocean_post_title_bg_overlay_color":"","ocean_disable_breadcrumbs":"default","ocean_breadcrumbs_color":"","ocean_breadcrumbs_separator_color":"","ocean_breadcrumbs_links_color":"","ocean_breadcrumbs_links_hover_color":"","ocean_display_footer_widgets":"default","ocean_display_footer_bottom":"default","ocean_custom_footer_template":"","ocean_post_oembed":"","ocean_post_self_hosted_media":"","ocean_post_video_embed":"","ocean_link_format":"","ocean_link_format_target":"self","ocean_quote_format":"","ocean_quote_format_link":"post","ocean_gallery_link_images":"on","ocean_gallery_id":[],"footnotes":""},"categories":[5],"tags":[],"class_list":["post-1990","post","type-post","status-publish","format-standard","hentry","category-kunngjoringer","entry"],"_links":{"self":[{"href":"https:\/\/www.stjohannes.no\/index.php?rest_route=\/wp\/v2\/posts\/1990","targetHints":{"allow":["GET"]}}],"collection":[{"href":"https:\/\/www.stjohannes.no\/index.php?rest_route=\/wp\/v2\/posts"}],"about":[{"href":"https:\/\/www.stjohannes.no\/index.php?rest_route=\/wp\/v2\/types\/post"}],"author":[{"embeddable":true,"href":"https:\/\/www.stjohannes.no\/index.php?rest_route=\/wp\/v2\/users\/7"}],"replies":[{"embeddable":true,"href":"https:\/\/www.stjohannes.no\/index.php?rest_route=%2Fwp%2Fv2%2Fcomments&post=1990"}],"version-history":[{"count":0,"href":"https:\/\/www.stjohannes.no\/index.php?rest_route=\/wp\/v2\/posts\/1990\/revisions"}],"wp:attachment":[{"href":"https:\/\/www.stjohannes.no\/index.php?rest_route=%2Fwp%2Fv2%2Fmedia&parent=1990"}],"wp:term":[{"taxonomy":"category","embeddable":true,"href":"https:\/\/www.stjohannes.no\/index.php?rest_route=%2Fwp%2Fv2%2Fcategories&post=1990"},{"taxonomy":"post_tag","embeddable":true,"href":"https:\/\/www.stjohannes.no\/index.php?rest_route=%2Fwp%2Fv2%2Ftags&post=1990"}],"curies":[{"name":"wp","href":"https:\/\/api.w.org\/{rel}","templated":true}]}}