{"id":12796,"date":"2021-02-16T11:45:28","date_gmt":"2021-02-16T10:45:28","guid":{"rendered":"https:\/\/www.stjohannes.no\/?p=12796"},"modified":"2021-02-17T10:54:52","modified_gmt":"2021-02-17T09:54:52","slug":"askeonsdag-17-februar-2021","status":"publish","type":"post","link":"https:\/\/www.stjohannes.no\/?p=12796","title":{"rendered":"Askeonsdag 17. februar 2021"},"content":{"rendered":"<h2>Kj\u00e6re menighet,<\/h2>\n<p><strong>Regjeringen og Oslo kommune sine tiltak sier at vi m\u00e5 holde stengte kirker frem til 18. februar 2021, dermed blir det ingen messer p\u00e5 askeonsdag.<\/strong><\/p>\n<h3>Messe og askeutdeling- plan fremover<\/h3>\n<p>Prestene i menigheten vil feire messe og velsigne asken tidlig onsdag morgen for menigheten. S\u00e5 fort myndighetene tillater at vi kan samles igjen setter vi opp messeplan og tider med ordets liturgi hvor det blir askeutdeling. Vi h\u00e5per \u00e5 kunne starte allerede n\u00e5 torsdag 18. februar. Velsignet aske kan deles ut p\u00e5 alle s\u00f8ndagene i fastetiden. Vi f\u00f8lger spent med p\u00e5 pressemelding fra <a href=\"https:\/\/www.regjeringen.no\/no\/tema\/Koronasituasjonen\/id2692388\/\">regjeringen<\/a> og <a href=\"https:\/\/www.oslo.kommune.no\/\">oslo kommune\u00a0<\/a>denne uken.<\/p>\n<h3>Faste og abstinens<\/h3>\n<p>Askeonsdag er den ene av de to dagene i \u00e5ret da alle voksne, friske katolikker (fra 18-60 \u00e5r) er forpliktet til faste og abstinens. Ungdom over 14 \u00e5r er forpliktet til abstinens.<\/p>\n<p>Det er ingen messeplikt p\u00e5 askeonsdag og heller ingen plikt til \u00e5 ta imot aske fra presten. Dette er en fin og from tradisjon. Det \u00e5 ikke kunne motta aske eller \u00e5 g\u00e5 i messe p\u00e5 askeonsdag kan for noen v\u00e6re en spesiell form for abstinens eller &laquo;faste&raquo;.<\/p>\n<p>N\u00e5r kirken er stengt og\/eller vi ikke kan g\u00e5 til messe s\u00e5 oppfordrer vi alle troende til \u00e5 be sammen hjemme med familien. Bruk tiden fremover til \u00e5 sette fokus p\u00e5 samholdet og vokse i troen som en familie og som enkelt mennesker.<\/p>\n<p>Prestene ber for menigheten og savner deres tilstedev\u00e6relse.<\/p>\n<p>&nbsp;<\/p>\n","protected":false},"excerpt":{"rendered":"<p>Kj\u00e6re menighet, Regjeringen og Oslo kommune sine tiltak sier at vi m\u00e5 holde stengte kirker frem til 18. februar 2021, dermed blir det ingen messer p\u00e5 askeonsdag. Messe og askeutdeling- plan fremover Prestene i menigheten vil feire messe og velsigne asken tidlig onsdag morgen for menigheten. S\u00e5 fort myndighetene tillater at vi kan samles igjen [&hellip;]<\/p>\n","protected":false},"author":6,"featured_media":12805,"comment_status":"closed","ping_status":"closed","sticky":false,"template":"","format":"standard","meta":{"ocean_post_layout":"","ocean_both_sidebars_style":"","ocean_both_sidebars_content_width":0,"ocean_both_sidebars_sidebars_width":0,"ocean_sidebar":"0","ocean_second_sidebar":"0","ocean_disable_margins":"enable","ocean_add_body_class":"","ocean_shortcode_before_top_bar":"","ocean_shortcode_after_top_bar":"","ocean_shortcode_before_header":"","ocean_shortcode_after_header":"","ocean_has_shortcode":"","ocean_shortcode_after_title":"","ocean_shortcode_before_footer_widgets":"","ocean_shortcode_after_footer_widgets":"","ocean_shortcode_before_footer_bottom":"","ocean_shortcode_after_footer_bottom":"","ocean_display_top_bar":"default","ocean_display_header":"default","ocean_header_style":"","ocean_center_header_left_menu":"0","ocean_custom_header_template":"0","ocean_custom_logo":0,"ocean_custom_retina_logo":0,"ocean_custom_logo_max_width":0,"ocean_custom_logo_tablet_max_width":0,"ocean_custom_logo_mobile_max_width":0,"ocean_custom_logo_max_height":0,"ocean_custom_logo_tablet_max_height":0,"ocean_custom_logo_mobile_max_height":0,"ocean_header_custom_menu":"0","ocean_menu_typo_font_family":"0","ocean_menu_typo_font_subset":"","ocean_menu_typo_font_size":0,"ocean_menu_typo_font_size_tablet":0,"ocean_menu_typo_font_size_mobile":0,"ocean_menu_typo_font_size_unit":"px","ocean_menu_typo_font_weight":"","ocean_menu_typo_font_weight_tablet":"","ocean_menu_typo_font_weight_mobile":"","ocean_menu_typo_transform":"","ocean_menu_typo_transform_tablet":"","ocean_menu_typo_transform_mobile":"","ocean_menu_typo_line_height":0,"ocean_menu_typo_line_height_tablet":0,"ocean_menu_typo_line_height_mobile":0,"ocean_menu_typo_line_height_unit":"","ocean_menu_typo_spacing":0,"ocean_menu_typo_spacing_tablet":0,"ocean_menu_typo_spacing_mobile":0,"ocean_menu_typo_spacing_unit":"","ocean_menu_link_color":"","ocean_menu_link_color_hover":"","ocean_menu_link_color_active":"","ocean_menu_link_background":"","ocean_menu_link_hover_background":"","ocean_menu_link_active_background":"","ocean_menu_social_links_bg":"","ocean_menu_social_hover_links_bg":"","ocean_menu_social_links_color":"","ocean_menu_social_hover_links_color":"","ocean_disable_title":"default","ocean_disable_heading":"default","ocean_post_title":"","ocean_post_subheading":"","ocean_post_title_style":"","ocean_post_title_background_color":"","ocean_post_title_background":0,"ocean_post_title_bg_image_position":"","ocean_post_title_bg_image_attachment":"","ocean_post_title_bg_image_repeat":"","ocean_post_title_bg_image_size":"","ocean_post_title_height":0,"ocean_post_title_bg_overlay":0.5,"ocean_post_title_bg_overlay_color":"","ocean_disable_breadcrumbs":"default","ocean_breadcrumbs_color":"","ocean_breadcrumbs_separator_color":"","ocean_breadcrumbs_links_color":"","ocean_breadcrumbs_links_hover_color":"","ocean_display_footer_widgets":"default","ocean_display_footer_bottom":"default","ocean_custom_footer_template":"0","ocean_post_oembed":"","ocean_post_self_hosted_media":"","ocean_post_video_embed":"","ocean_link_format":"","ocean_link_format_target":"self","ocean_quote_format":"","ocean_quote_format_link":"post","ocean_gallery_link_images":"off","ocean_gallery_id":[],"footnotes":""},"categories":[5],"tags":[],"class_list":["post-12796","post","type-post","status-publish","format-standard","has-post-thumbnail","hentry","category-kunngjoringer","entry","has-media"],"_links":{"self":[{"href":"https:\/\/www.stjohannes.no\/index.php?rest_route=\/wp\/v2\/posts\/12796","targetHints":{"allow":["GET"]}}],"collection":[{"href":"https:\/\/www.stjohannes.no\/index.php?rest_route=\/wp\/v2\/posts"}],"about":[{"href":"https:\/\/www.stjohannes.no\/index.php?rest_route=\/wp\/v2\/types\/post"}],"author":[{"embeddable":true,"href":"https:\/\/www.stjohannes.no\/index.php?rest_route=\/wp\/v2\/users\/6"}],"replies":[{"embeddable":true,"href":"https:\/\/www.stjohannes.no\/index.php?rest_route=%2Fwp%2Fv2%2Fcomments&post=12796"}],"version-history":[{"count":2,"href":"https:\/\/www.stjohannes.no\/index.php?rest_route=\/wp\/v2\/posts\/12796\/revisions"}],"predecessor-version":[{"id":12815,"href":"https:\/\/www.stjohannes.no\/index.php?rest_route=\/wp\/v2\/posts\/12796\/revisions\/12815"}],"wp:featuredmedia":[{"embeddable":true,"href":"https:\/\/www.stjohannes.no\/index.php?rest_route=\/wp\/v2\/media\/12805"}],"wp:attachment":[{"href":"https:\/\/www.stjohannes.no\/index.php?rest_route=%2Fwp%2Fv2%2Fmedia&parent=12796"}],"wp:term":[{"taxonomy":"category","embeddable":true,"href":"https:\/\/www.stjohannes.no\/index.php?rest_route=%2Fwp%2Fv2%2Fcategories&post=12796"},{"taxonomy":"post_tag","embeddable":true,"href":"https:\/\/www.stjohannes.no\/index.php?rest_route=%2Fwp%2Fv2%2Ftags&post=12796"}],"curies":[{"name":"wp","href":"https:\/\/api.w.org\/{rel}","templated":true}]}}