{"id":11436,"date":"2018-07-16T10:30:41","date_gmt":"2018-07-16T08:30:41","guid":{"rendered":"http:\/\/stjohannes.oslo.katolsk.no\/?p=11436"},"modified":"2018-07-16T10:30:41","modified_gmt":"2018-07-16T08:30:41","slug":"ogloszenia-z-15-lipca-2018-r","status":"publish","type":"post","link":"https:\/\/www.stjohannes.no\/?p=11436","title":{"rendered":"Og\u0142oszenia z 15 lipca 2018 r. (15 niedziela, Rok B)"},"content":{"rendered":"<p style=\"text-align: justify;\"><strong>1.<\/strong> Dzisiejsza Ewangelia przypomnia\u0142a nam o powo\u0142aniu i rozes\u0142aniu Dwunastu Aposto\u0142\u00f3w. Miejmy w sobie t\u0119 wiar\u0119, \u017ce i dzi\u015b Pan Jezus chce posy\u0142a\u0107 ka\u017cdego z nas z Dobr\u0105 Nowin\u0105 do \u015bwiata.<\/p>\n<p><strong>2. <\/strong>W przysz\u0142ym tygodniu:<\/p>\n<p style=\"text-align: justify;\">\u2022 <span style=\"text-decoration: underline;\">w poniedzia\u0142ek<\/span> \u2013 NMP z G\u00f3ry Karmel<br \/>\n\u2022 <span style=\"text-decoration: underline;\">w pi\u0105tek<\/span> \u2013 b\u0142. Czes\u0142awa. W tym dniu Msza \u015bwi\u0119ta w j. polskim o godz. 19.00. P\u00f3\u0142 godziny wcze\u015bniej mo\u017cliwo\u015b\u0107 spowiedzi<br \/>\n\u2022 <span style=\"text-decoration: underline;\">w przysz\u0142\u0105 niedziel\u0119<\/span> \u2013 Msza \u015bw. w j. polskim o godz. 9. 00. Natomiast nie b\u0119dzie Mszy \u015bw. o godz. 13.00, gdy\u017c jest to 4 niedziela miesi\u0105ca i o tej godzinie jest sprawowana Msza \u015bw. w j. wietnamskim. Ponadto w niedziele Msze \u015bwi\u0119te o godz. 11.00 w j. norweskim, o godz. 15.00 w j. angielskim, o godz. 17.30 w j. tamilskim i o godz. 19.30 w j. hiszpa\u0144skim.<\/p>\n<p>Msze \u015bwi\u0119te w dni powszednie w j. norweskim o godz. 18.00.<br \/>\nW sobot\u0119 o tej godzinie sprawowana jest w j. norweskim Msza \u015bwi\u0119ta z niedzieli.<\/p>\n<p style=\"text-align: justify;\"><strong>3.<\/strong> 23 lipca 2016 r. zmar\u0142 o. Krzysztof Wanat, kt\u00f3ry pos\u0142ugiwa\u0142 w naszej parafii. Za tydzie\u0144 o godz. 9.00 zostanie odprawiona Msza \u015bwi\u0119ta w 2 rocznic\u0119 \u015bmierci. Osoby udaj\u0105ce si\u0119 na urlop prosz\u0119 w tym dniu o modlitw\u0119 i przyj\u0119cie Komunii \u015bwi\u0119tej z intencj\u0105 pro\u015bby o rado\u015b\u0107 wieczn\u0105 dla o. Krzysztofa.<\/p>\n<p style=\"text-align: justify;\"><strong>4<\/strong><span style=\"display: inline !important; float: none; background-color: transparent; color: #333333; font-family: Arial,Helvetica,sans-serif; font-size: 13px; font-style: normal; font-variant: normal; font-weight: 400; letter-spacing: normal; orphans: 2; text-align: left; text-decoration: none; text-indent: 0px; text-transform: none; -webkit-text-stroke-width: 0px; white-space: normal; word-spacing: 0px; word-wrap: break-word;\"><strong>.<\/strong> Witam w naszej parafii przyby\u0142ych go\u015bci, a wszystkim wyje\u017cd\u017caj\u0105cym na urlop \u017cycz\u0119 spokojnego wypoczynku.<\/span><br \/>\nKs. Piotr G\u0105sior: +47 925 44 572.<\/p>\n","protected":false},"excerpt":{"rendered":"<p>1. Dzisiejsza Ewangelia przypomnia\u0142a nam o powo\u0142aniu i rozes\u0142aniu Dwunastu Aposto\u0142\u00f3w. Miejmy w sobie t\u0119 wiar\u0119, \u017ce i dzi\u015b Pan Jezus chce posy\u0142a\u0107 ka\u017cdego z nas z Dobr\u0105 Nowin\u0105 do \u015bwiata. 2. W przysz\u0142ym tygodniu: \u2022 w poniedzia\u0142ek \u2013 NMP z G\u00f3ry Karmel \u2022 w pi\u0105tek \u2013 b\u0142. Czes\u0142awa. W tym dniu Msza \u015bwi\u0119ta w [&hellip;]<\/p>\n","protected":false},"author":6,"featured_media":8008,"comment_status":"closed","ping_status":"closed","sticky":false,"template":"","format":"standard","meta":{"ocean_post_layout":"","ocean_both_sidebars_style":"","ocean_both_sidebars_content_width":0,"ocean_both_sidebars_sidebars_width":0,"ocean_sidebar":"","ocean_second_sidebar":"","ocean_disable_margins":"enable","ocean_add_body_class":"","ocean_shortcode_before_top_bar":"","ocean_shortcode_after_top_bar":"","ocean_shortcode_before_header":"","ocean_shortcode_after_header":"","ocean_has_shortcode":"","ocean_shortcode_after_title":"","ocean_shortcode_before_footer_widgets":"","ocean_shortcode_after_footer_widgets":"","ocean_shortcode_before_footer_bottom":"","ocean_shortcode_after_footer_bottom":"","ocean_display_top_bar":"default","ocean_display_header":"default","ocean_header_style":"","ocean_center_header_left_menu":"","ocean_custom_header_template":"","ocean_custom_logo":0,"ocean_custom_retina_logo":0,"ocean_custom_logo_max_width":0,"ocean_custom_logo_tablet_max_width":0,"ocean_custom_logo_mobile_max_width":0,"ocean_custom_logo_max_height":0,"ocean_custom_logo_tablet_max_height":0,"ocean_custom_logo_mobile_max_height":0,"ocean_header_custom_menu":"","ocean_menu_typo_font_family":"","ocean_menu_typo_font_subset":"","ocean_menu_typo_font_size":0,"ocean_menu_typo_font_size_tablet":0,"ocean_menu_typo_font_size_mobile":0,"ocean_menu_typo_font_size_unit":"px","ocean_menu_typo_font_weight":"","ocean_menu_typo_font_weight_tablet":"","ocean_menu_typo_font_weight_mobile":"","ocean_menu_typo_transform":"","ocean_menu_typo_transform_tablet":"","ocean_menu_typo_transform_mobile":"","ocean_menu_typo_line_height":0,"ocean_menu_typo_line_height_tablet":0,"ocean_menu_typo_line_height_mobile":0,"ocean_menu_typo_line_height_unit":"","ocean_menu_typo_spacing":0,"ocean_menu_typo_spacing_tablet":0,"ocean_menu_typo_spacing_mobile":0,"ocean_menu_typo_spacing_unit":"","ocean_menu_link_color":"","ocean_menu_link_color_hover":"","ocean_menu_link_color_active":"","ocean_menu_link_background":"","ocean_menu_link_hover_background":"","ocean_menu_link_active_background":"","ocean_menu_social_links_bg":"","ocean_menu_social_hover_links_bg":"","ocean_menu_social_links_color":"","ocean_menu_social_hover_links_color":"","ocean_disable_title":"default","ocean_disable_heading":"default","ocean_post_title":"","ocean_post_subheading":"","ocean_post_title_style":"","ocean_post_title_background_color":"","ocean_post_title_background":0,"ocean_post_title_bg_image_position":"","ocean_post_title_bg_image_attachment":"","ocean_post_title_bg_image_repeat":"","ocean_post_title_bg_image_size":"","ocean_post_title_height":0,"ocean_post_title_bg_overlay":0.5,"ocean_post_title_bg_overlay_color":"","ocean_disable_breadcrumbs":"default","ocean_breadcrumbs_color":"","ocean_breadcrumbs_separator_color":"","ocean_breadcrumbs_links_color":"","ocean_breadcrumbs_links_hover_color":"","ocean_display_footer_widgets":"default","ocean_display_footer_bottom":"default","ocean_custom_footer_template":"","ocean_post_oembed":"","ocean_post_self_hosted_media":"","ocean_post_video_embed":"","ocean_link_format":"","ocean_link_format_target":"self","ocean_quote_format":"","ocean_quote_format_link":"post","ocean_gallery_link_images":"on","ocean_gallery_id":[],"footnotes":""},"categories":[7],"tags":[],"class_list":["post-11436","post","type-post","status-publish","format-standard","has-post-thumbnail","hentry","category-polski","entry","has-media"],"_links":{"self":[{"href":"https:\/\/www.stjohannes.no\/index.php?rest_route=\/wp\/v2\/posts\/11436","targetHints":{"allow":["GET"]}}],"collection":[{"href":"https:\/\/www.stjohannes.no\/index.php?rest_route=\/wp\/v2\/posts"}],"about":[{"href":"https:\/\/www.stjohannes.no\/index.php?rest_route=\/wp\/v2\/types\/post"}],"author":[{"embeddable":true,"href":"https:\/\/www.stjohannes.no\/index.php?rest_route=\/wp\/v2\/users\/6"}],"replies":[{"embeddable":true,"href":"https:\/\/www.stjohannes.no\/index.php?rest_route=%2Fwp%2Fv2%2Fcomments&post=11436"}],"version-history":[{"count":0,"href":"https:\/\/www.stjohannes.no\/index.php?rest_route=\/wp\/v2\/posts\/11436\/revisions"}],"wp:featuredmedia":[{"embeddable":true,"href":"https:\/\/www.stjohannes.no\/index.php?rest_route=\/"}],"wp:attachment":[{"href":"https:\/\/www.stjohannes.no\/index.php?rest_route=%2Fwp%2Fv2%2Fmedia&parent=11436"}],"wp:term":[{"taxonomy":"category","embeddable":true,"href":"https:\/\/www.stjohannes.no\/index.php?rest_route=%2Fwp%2Fv2%2Fcategories&post=11436"},{"taxonomy":"post_tag","embeddable":true,"href":"https:\/\/www.stjohannes.no\/index.php?rest_route=%2Fwp%2Fv2%2Ftags&post=11436"}],"curies":[{"name":"wp","href":"https:\/\/api.w.org\/{rel}","templated":true}]}}