{"id":11244,"date":"2018-05-28T11:39:07","date_gmt":"2018-05-28T09:39:07","guid":{"rendered":"http:\/\/stjohannes.oslo.katolsk.no\/?p=11244"},"modified":"2018-05-28T11:39:07","modified_gmt":"2018-05-28T09:39:07","slug":"ogloszenia-z-27-maja-2018-r-uroczystosc-trojcy-przenajswietszej","status":"publish","type":"post","link":"https:\/\/www.stjohannes.no\/?p=11244","title":{"rendered":"Og\u0142oszenia z 27 maja 2018 r. (Uroczysto\u015b\u0107 Tr\u00f3jcy Przenaj\u015bwi\u0119tszej)"},"content":{"rendered":"<p style=\"text-align: justify;\"><strong>1.<\/strong> Prze\u017cywaj\u0105c Uroczysto\u015b\u0107 Tr\u00f3jcy Przenaj\u015bwi\u0119tszej uwielbiamy dzi\u015b Boga w Tr\u00f3jcy jedynego. Temu Bogu w Tr\u00f3jcy jedynemu przez wstawiennictwo Matki Bo\u017cej zawierzamy dzi\u015b nowo powsta\u0142\u0105 r\u00f3\u017c\u0119 MB Fatimskiej, kt\u00f3ra bezpo\u015brednio po Mszy \u015bwi\u0119tej otrzyma pob\u0142ogos\u0142awione r\u00f3\u017ca\u0144ce i dokona wpisu do Ksi\u0119gi R\u00f3\u017c R\u00f3\u017ca\u0144cowych przy naszej parafii. Intencje dla R\u00f3\u017c r\u00f3\u017ca\u0144cowych na poszczeg\u00f3lne miesi\u0105ce mo\u017cna znale\u017a\u0107 pod tym<a href=\"http:\/\/www.rozaniec.eu\/index.php?m=SimpleSites&amp;a=ShowSimpleSite&amp;ss_id=4\"> linkiem.<\/a><br \/>\nDzi\u015b tak\u017ce wybory do Rady Parafialnej. Z naszej wsp\u00f3lnoty nowym kandydatem jest P. Agnieszka Turlej, udzielaj\u0105ca si\u0119 do tej pory w organizowanie spotkania przy kawie. Wychodz\u0105c z ko\u015bcio\u0142a prosz\u0119 odebra\u0107 kart\u0119 do g\u0142osowania. Na karcie jest czterech kandydat\u00f3w. Mo\u017cna zag\u0142osowa\u0107 maksymalnie na 3 kandydat\u00f3w. G\u0142os mo\u017ce odda\u0107 ka\u017cdy kto uko\u0144czy\u0142 15 rok \u017cycia, przyj\u0105\u0142 sakrament Bierzmowania i czuje si\u0119 zwi\u0105zany z nasza parafi\u0105.<\/p>\n<p style=\"text-align: justify;\"><strong>2.<\/strong> W przysz\u0142ym tygodniu:<br \/>\n\u2022 <span style=\"text-decoration: underline;\">we worek<\/span> \u2013 \u015bw. Urszuli Led\u00f3chowskiej<br \/>\n\u2022 <span style=\"text-decoration: underline;\">w czwartek<\/span> \u2013 w Polsce Uroczysto\u015b\u0107 Bo\u017cego Cia\u0142a, przenoszona tutaj w Norwegii na najbli\u017csz\u0105 niedziel\u0119<br \/>\n\u2022 <span style=\"text-decoration: underline;\">w pi\u0105tek<\/span> \u2013 \u015bw. Justyna. W tym dniu z racji I pi\u0105tku modlimy si\u0119 za misje \u015bwi\u0119te i wynagradzamy Naj\u015bwi\u0119tszemu Sercu Jezusa. Od godz. 17.30 mo\u017cliwo\u015b\u0107 spowiedzi, a o godz. 19.00 Msza \u015bw. w j. polskim.<br \/>\n1 czerwca obchodzony jest jako Dzie\u0144 Dziecka. Zapraszam zatem na Msz\u0119 \u015bwi\u0119t\u0105 i nabo\u017ce\u0144stwo czerwcowe rodzic\u00f3w z dzie\u0107mi. Po Mszy \u015bw. dzieci b\u0119d\u0105 mog\u0142y otrzyma\u0107 specjalne b\u0142ogos\u0142awie\u0144stwo<br \/>\n\u2022 <span style=\"text-decoration: underline;\">w przysz\u0142\u0105 niedziel\u0119<\/span> \u2013 Uroczysto\u015b\u0107 Bo\u017cego Cia\u0142a. Msza \u015bwi\u0119ta z udzia\u0142em wszystkich grup narodowych odb\u0119dzie si\u0119 o godz. 11.00. Bezpo\u015brednio po Mszy \u015bwi\u0119tej procesja do czterech o\u0142tarzy. Nasza polska wsp\u00f3lnota b\u0119dzie mia\u0142a w tym roku ostatni o\u0142tarz. Zapraszamy na t\u0119 Msz\u0119 \u015bwi\u0119t\u0105 w strojach regionalnych. Zapraszamy dzieci do sypania kwiat\u00f3w i dzwonienia dzwonkami, a dzieci pierwszokomunijne zapraszamy w strojach od I Komunii \u015bwi\u0119tej. Po wsp\u00f3lnej Mszy \u015bwi\u0119tej okazja do spotkania przy kawie i regionalnych potrawach. W zwi\u0105zku z tym pro\u015bba o upieczenie ciast na to spotkanie oraz przygotowanie polskich potraw. Osoby, kt\u00f3re mog\u0142yby upiec ciasta czy przygotowa\u0107 jak\u0105\u015b potraw\u0119 prosz\u0119 o tak\u0105 informacj\u0119 w zakrystii lub telefonicznie. W Bo\u017ce Cia\u0142o nie b\u0119dzie Mszy \u015bw. w j. polskim. Natomiast opr\u00f3cz wsp\u00f3lnej Mszy \u015bw. o godz. 11.00 b\u0119dzie tak\u017ce Msza \u015bw. w j. \u0142aci\u0144skim o godz. 18.00.<br \/>\nMsze \u015bwi\u0119te w dni powszednie w j. norweskim o godz. 18.00.<br \/>\nW sobot\u0119 o tej godzinie sprawowana jest w j. norweskim Msza \u015bwi\u0119ta z niedzieli.<\/p>\n<p style=\"text-align: justify;\"><strong>3.<\/strong> W sobot\u0119 9 czerwca parafia organizuje festyn na rozpocz\u0119cie lata. O godz. 17.00 koncert ch\u00f3r\u00f3w, o godz. 18.00 Msza \u015bw., a po Mszy \u015bwi\u0119tej zapraszamy na grilla.<\/p>\n<p><strong>4.<\/strong> Parafia poszukuje osoby do pracy z m\u0142odzie\u017c\u0105 i dzie\u0107mi. Szczeg\u00f3\u0142y w gazetce parafialnej przy wyj\u015bciu z ko\u015bcio\u0142a.<\/p>\n<p style=\"text-align: justify;\"><strong>5.<\/strong> Zbli\u017ca si\u0119 czas wakacji. Przed wyjazdem na urlop bardzo prosz\u0119 o obowi\u0105zkowe dokonanie zapisu na katechez\u0119 w nowym roku szkolnym i katechetycznym. Przy tej okazji chcia\u0142em przypomnie\u0107, \u017ce w naszej parafii katecheza w j. polskim jest prowadzona raz w miesi\u0105cu w soboty od godz. 10.00 do godz. 13.00. Przygotowanie do I Komunii \u015bwi\u0119tej i do Bierzmowania trwa dwa lata. Pierwszy rok przygotowania do I Komunii rozpoczyna si\u0119 w klasie 2, a pierwszy rok przygotowania do Bierzmowania w klasie 8. Opr\u00f3cz tego jest tak\u017ce prowadzona katecheza dla ch\u0119tnych od 4 do 7 klasy. Osoby zainteresowane udzia\u0142em w katechezie prosz\u0119 o dokonanie zapisu w zakrystii.<\/p>\n<p style=\"text-align: justify;\"><strong>6.<\/strong> Po b\u0142ogos\u0142awie\u0144stwie zapraszam do odebrania figury MB Fatimskiej kolejne ma\u0142\u017ce\u0144stwo, kt\u00f3re w tym tygodniu wyrazi\u0142o pragnienie modlitwy wraz z Maryj\u0105.<\/p>\n<p><strong>7.<\/strong> Teraz ukl\u0119knijmy, aby odm\u00f3wi\u0107 modlitw\u0119 do \u015bw. Teresy od Dzieci\u0105tka Jezus, prosz\u0105c ju\u017c dzi\u015b o owocne prze\u017cycie czekaj\u0105cego nas nawiedzenia relikwii tej \u015bwi\u0119tej i jej rodzic\u00f3w.<br \/>\nKs. Piotr G\u0105sior: +47 925 44 572.<\/p>\n","protected":false},"excerpt":{"rendered":"<p>1. Prze\u017cywaj\u0105c Uroczysto\u015b\u0107 Tr\u00f3jcy Przenaj\u015bwi\u0119tszej uwielbiamy dzi\u015b Boga w Tr\u00f3jcy jedynego. Temu Bogu w Tr\u00f3jcy jedynemu przez wstawiennictwo Matki Bo\u017cej zawierzamy dzi\u015b nowo powsta\u0142\u0105 r\u00f3\u017c\u0119 MB Fatimskiej, kt\u00f3ra bezpo\u015brednio po Mszy \u015bwi\u0119tej otrzyma pob\u0142ogos\u0142awione r\u00f3\u017ca\u0144ce i dokona wpisu do Ksi\u0119gi R\u00f3\u017c R\u00f3\u017ca\u0144cowych przy naszej parafii. Intencje dla R\u00f3\u017c r\u00f3\u017ca\u0144cowych na poszczeg\u00f3lne miesi\u0105ce mo\u017cna znale\u017a\u0107 pod [&hellip;]<\/p>\n","protected":false},"author":6,"featured_media":8009,"comment_status":"closed","ping_status":"closed","sticky":false,"template":"","format":"standard","meta":{"ocean_post_layout":"","ocean_both_sidebars_style":"","ocean_both_sidebars_content_width":0,"ocean_both_sidebars_sidebars_width":0,"ocean_sidebar":"","ocean_second_sidebar":"","ocean_disable_margins":"enable","ocean_add_body_class":"","ocean_shortcode_before_top_bar":"","ocean_shortcode_after_top_bar":"","ocean_shortcode_before_header":"","ocean_shortcode_after_header":"","ocean_has_shortcode":"","ocean_shortcode_after_title":"","ocean_shortcode_before_footer_widgets":"","ocean_shortcode_after_footer_widgets":"","ocean_shortcode_before_footer_bottom":"","ocean_shortcode_after_footer_bottom":"","ocean_display_top_bar":"default","ocean_display_header":"default","ocean_header_style":"","ocean_center_header_left_menu":"","ocean_custom_header_template":"","ocean_custom_logo":0,"ocean_custom_retina_logo":0,"ocean_custom_logo_max_width":0,"ocean_custom_logo_tablet_max_width":0,"ocean_custom_logo_mobile_max_width":0,"ocean_custom_logo_max_height":0,"ocean_custom_logo_tablet_max_height":0,"ocean_custom_logo_mobile_max_height":0,"ocean_header_custom_menu":"","ocean_menu_typo_font_family":"","ocean_menu_typo_font_subset":"","ocean_menu_typo_font_size":0,"ocean_menu_typo_font_size_tablet":0,"ocean_menu_typo_font_size_mobile":0,"ocean_menu_typo_font_size_unit":"px","ocean_menu_typo_font_weight":"","ocean_menu_typo_font_weight_tablet":"","ocean_menu_typo_font_weight_mobile":"","ocean_menu_typo_transform":"","ocean_menu_typo_transform_tablet":"","ocean_menu_typo_transform_mobile":"","ocean_menu_typo_line_height":0,"ocean_menu_typo_line_height_tablet":0,"ocean_menu_typo_line_height_mobile":0,"ocean_menu_typo_line_height_unit":"","ocean_menu_typo_spacing":0,"ocean_menu_typo_spacing_tablet":0,"ocean_menu_typo_spacing_mobile":0,"ocean_menu_typo_spacing_unit":"","ocean_menu_link_color":"","ocean_menu_link_color_hover":"","ocean_menu_link_color_active":"","ocean_menu_link_background":"","ocean_menu_link_hover_background":"","ocean_menu_link_active_background":"","ocean_menu_social_links_bg":"","ocean_menu_social_hover_links_bg":"","ocean_menu_social_links_color":"","ocean_menu_social_hover_links_color":"","ocean_disable_title":"default","ocean_disable_heading":"default","ocean_post_title":"","ocean_post_subheading":"","ocean_post_title_style":"","ocean_post_title_background_color":"","ocean_post_title_background":0,"ocean_post_title_bg_image_position":"","ocean_post_title_bg_image_attachment":"","ocean_post_title_bg_image_repeat":"","ocean_post_title_bg_image_size":"","ocean_post_title_height":0,"ocean_post_title_bg_overlay":0.5,"ocean_post_title_bg_overlay_color":"","ocean_disable_breadcrumbs":"default","ocean_breadcrumbs_color":"","ocean_breadcrumbs_separator_color":"","ocean_breadcrumbs_links_color":"","ocean_breadcrumbs_links_hover_color":"","ocean_display_footer_widgets":"default","ocean_display_footer_bottom":"default","ocean_custom_footer_template":"","ocean_post_oembed":"","ocean_post_self_hosted_media":"","ocean_post_video_embed":"","ocean_link_format":"","ocean_link_format_target":"self","ocean_quote_format":"","ocean_quote_format_link":"post","ocean_gallery_link_images":"on","ocean_gallery_id":[],"footnotes":""},"categories":[7],"tags":[],"class_list":["post-11244","post","type-post","status-publish","format-standard","has-post-thumbnail","hentry","category-polski","entry","has-media"],"_links":{"self":[{"href":"https:\/\/www.stjohannes.no\/index.php?rest_route=\/wp\/v2\/posts\/11244","targetHints":{"allow":["GET"]}}],"collection":[{"href":"https:\/\/www.stjohannes.no\/index.php?rest_route=\/wp\/v2\/posts"}],"about":[{"href":"https:\/\/www.stjohannes.no\/index.php?rest_route=\/wp\/v2\/types\/post"}],"author":[{"embeddable":true,"href":"https:\/\/www.stjohannes.no\/index.php?rest_route=\/wp\/v2\/users\/6"}],"replies":[{"embeddable":true,"href":"https:\/\/www.stjohannes.no\/index.php?rest_route=%2Fwp%2Fv2%2Fcomments&post=11244"}],"version-history":[{"count":0,"href":"https:\/\/www.stjohannes.no\/index.php?rest_route=\/wp\/v2\/posts\/11244\/revisions"}],"wp:featuredmedia":[{"embeddable":true,"href":"https:\/\/www.stjohannes.no\/index.php?rest_route=\/"}],"wp:attachment":[{"href":"https:\/\/www.stjohannes.no\/index.php?rest_route=%2Fwp%2Fv2%2Fmedia&parent=11244"}],"wp:term":[{"taxonomy":"category","embeddable":true,"href":"https:\/\/www.stjohannes.no\/index.php?rest_route=%2Fwp%2Fv2%2Fcategories&post=11244"},{"taxonomy":"post_tag","embeddable":true,"href":"https:\/\/www.stjohannes.no\/index.php?rest_route=%2Fwp%2Fv2%2Ftags&post=11244"}],"curies":[{"name":"wp","href":"https:\/\/api.w.org\/{rel}","templated":true}]}}