{"id":11198,"date":"2018-05-15T18:31:10","date_gmt":"2018-05-15T16:31:10","guid":{"rendered":"http:\/\/stjohannes.oslo.katolsk.no\/?p=11198"},"modified":"2018-05-15T18:31:10","modified_gmt":"2018-05-15T16:31:10","slug":"ogloszenia-z-13-maja-2018-r-7-niedziela-wielkanocna","status":"publish","type":"post","link":"https:\/\/www.stjohannes.no\/?p=11198","title":{"rendered":"Og\u0142oszenia z 13 maja 2018 r. (7 Niedziela Wielkanocna)"},"content":{"rendered":"<p style=\"text-align: justify;\"><strong>1.<\/strong> Dzi\u015b wspominamy pierwsze objawienia MB w Fatimie. Przes\u0142anie Maryi z Fatimy jest wci\u0105\u017c aktualne. Dlatego sk\u0142adam serdeczne \u201eB\u00f3g zap\u0142a\u0107\u201d kolejnym osobom, kt\u00f3re w naszej wsp\u00f3lnocie odpowiadaj\u0105 na wezwanie MB Fatimskiej, zapisuj\u0105c si\u0119 na przyj\u0119cie Jej figury do swoich mieszka\u0144. Dzi\u0119kuj\u0119 tak\u017ce osobom, kt\u00f3re zapisa\u0142y si\u0119 do R\u00f3\u017cy R\u00f3\u017ca\u0144cowej. Miesi\u0105c maj w naszej polskiej tradycji wi\u0105\u017ce si\u0119 tak\u017ce ze \u015bpiewem Litanii do MB. Zapraszam zatem na nabo\u017ce\u0144stwa majowe w pi\u0105tki po Mszy \u015bw. w j. polskim. Zach\u0119cam tak\u017ce do codziennego odmawiania czy \u015bpiewu Litanii do MB w naszych rodzinach.<\/p>\n<p><strong>2.<\/strong> W przysz\u0142ym tygodniu:<\/p>\n<ul>\n<li><u>w poniedzia\u0142ek<\/u> \u2013 \u015bw. Macieja, aposto\u0142a<\/li>\n<li><u>w \u015brod\u0119<\/u> \u2013\u00a0 \u015bw. Andrzeja Boboli<\/li>\n<li style=\"text-align: justify;\"><span style=\"text-decoration: underline;\">w czwartek<\/span> \u2013\u00a0 \u015bwi\u0119to narodowe w Norwegii. Z tej okazji zapraszamy na Msz\u0119 \u015bw. w intencji Norwegii o godz. 18.00, a po Mszy \u015bwi\u0119tej na spotkanie przy grillu<\/li>\n<li style=\"text-align: justify;\"><u>w pi\u0105tek<\/u> \u2013\u00a0Msza \u015bw. w j. polskim z nabo\u017ce\u0144stwem majowym o godz. <strong>19. 00<\/strong>. P\u00f3\u0142 godziny wcze\u015bniej mo\u017cliwo\u015b\u0107 spowiedzi<\/li>\n<li style=\"text-align: justify;\"><u>w przysz\u0142\u0105 niedziel\u0119<\/u> \u2013 Uroczysto\u015b\u0107 Zes\u0142ania Ducha \u015awi\u0119tego. Msza \u015bw. w j. polskim o godz. <strong>9. 00 <\/strong>oraz o godz.<strong> 13.00. <\/strong>Ponadto w niedziele Msze \u015bwi\u0119te o godz. 11.00 w j. norweskim, o godz. 15.00 w j. angielskim, o godz. 17.30 w j. tamilskim i o godz. 19.30 w j. hiszpa\u0144skim.<\/li>\n<\/ul>\n<p style=\"text-align: justify;\">Po Mszy \u015bwi\u0119tej o godz. 9.00 spotkanie przy kawie, na kt\u00f3re serdecznie zapraszamy. Osoby, kt\u00f3re mog\u0142yby upiec ciasto na nasze spotkanie, prosz\u0119 o tak\u0105 informacj\u0119 w zakrystii lub telefonicznie.<\/p>\n<p style=\"text-align: justify;\">Msze \u015bwi\u0119te w dni powszednie w j. norweskim o godz. 18.00.<br \/>\nW sobot\u0119 o tej godzinie sprawowana jest w j. norweskim Msza \u015bwi\u0119ta z niedzieli.<\/p>\n<p style=\"text-align: justify;\"><strong>3. <\/strong>Za dwa tygodnie wybory do Rady Parafialnej. W gazetce parafialnej s\u0105 informacje w j. norweskim o nowych kandydatach. Za tydzie\u0144 uka\u017ce si\u0119 tak\u017ce informacja o kandydatce z naszej polskiej grupy. Niekt\u00f3rym cz\u0142onkom Rady Parafialnej jeszcze nie zako\u0144czy\u0142 si\u0119 okres 4 lat dlatego b\u0119d\u0105 kontynuowa\u0107 swoj\u0105 pos\u0142ug\u0119 w Radzie. W\u015br\u00f3d nich P. \u0141ukasz M\u0105ka, kt\u00f3remu dzi\u0119kuj\u0119 za t\u0105 pos\u0142ug\u0119. Z naszej wsp\u00f3lnoty nowym kandydatem jest P. Agnieszka Turlej, kt\u00f3rej dzi\u0119kuj\u0119 za kandydowanie. Przy tej okazji sk\u0142adam serdeczne \u201eB\u00f3g zap\u0142a\u0107\u201d P. Beacie D\u0105browskiej za udzia\u0142 w Komitecie Wyborczym.<\/p>\n<p style=\"text-align: justify;\"><strong>4. <\/strong>Podobnie jak w ubieg\u0142ych latach, Katolickie Stowarzyszenie M\u0142odzie\u017cy w Norwegii, zaprasza na wakacyjne obozy letnie dla dzieci i m\u0142odzie\u017cy. Wi\u0119cej informacji na plakacie przy wyj\u015bciu z ko\u015bcio\u0142a oraz pod tym <a href=\"http:\/\/nuk.no\/aktiviteter\/\">linkiem<\/a>.<\/p>\n<p><strong>5.<\/strong> Niedawno ukaza\u0142a si\u0119 strona na Facebooku zawieraj\u0105ca informacje o r\u00f3\u017cnych wydarzeniach z Ko\u015bcio\u0142a katolickiego w Norwegii. Wi\u0119cej szczeg\u00f3\u0142\u00f3w pod tym <a href=\"https:\/\/www.facebook.com\/informatorkatolicki\/\">linkiem<\/a>.<\/p>\n<p style=\"text-align: justify;\"><strong>6. <\/strong>Po b\u0142ogos\u0142awie\u0144stwie zapraszam do odebrania figury MB Fatimskiej kolejne ma\u0142\u017ce\u0144stwo, kt\u00f3re w tym tygodniu wyrazi\u0142o pragnienie modlitwy wraz z Maryj\u0105.<\/p>\n<p style=\"text-align: justify;\"><strong>7. <\/strong>Teraz ukl\u0119knijmy, aby odm\u00f3wi\u0107 modlitw\u0119 do \u015bw. Teresy od Dzieci\u0105tka Jezus, prosz\u0105c ju\u017c dzi\u015b o owocne prze\u017cycie czekaj\u0105cego nas nawiedzenia relikwii tej \u015bwi\u0119tej i jej rodzic\u00f3w.<br \/>\nKs. Piotr G\u0105sior: +47 925 44 572.<\/p>\n<p>&nbsp;<\/p>\n<p>&nbsp;<\/p>\n","protected":false},"excerpt":{"rendered":"<p>1. Dzi\u015b wspominamy pierwsze objawienia MB w Fatimie. Przes\u0142anie Maryi z Fatimy jest wci\u0105\u017c aktualne. Dlatego sk\u0142adam serdeczne \u201eB\u00f3g zap\u0142a\u0107\u201d kolejnym osobom, kt\u00f3re w naszej wsp\u00f3lnocie odpowiadaj\u0105 na wezwanie MB Fatimskiej, zapisuj\u0105c si\u0119 na przyj\u0119cie Jej figury do swoich mieszka\u0144. Dzi\u0119kuj\u0119 tak\u017ce osobom, kt\u00f3re zapisa\u0142y si\u0119 do R\u00f3\u017cy R\u00f3\u017ca\u0144cowej. Miesi\u0105c maj w naszej polskiej tradycji [&hellip;]<\/p>\n","protected":false},"author":6,"featured_media":8009,"comment_status":"closed","ping_status":"closed","sticky":false,"template":"","format":"standard","meta":{"ocean_post_layout":"","ocean_both_sidebars_style":"","ocean_both_sidebars_content_width":0,"ocean_both_sidebars_sidebars_width":0,"ocean_sidebar":"","ocean_second_sidebar":"","ocean_disable_margins":"enable","ocean_add_body_class":"","ocean_shortcode_before_top_bar":"","ocean_shortcode_after_top_bar":"","ocean_shortcode_before_header":"","ocean_shortcode_after_header":"","ocean_has_shortcode":"","ocean_shortcode_after_title":"","ocean_shortcode_before_footer_widgets":"","ocean_shortcode_after_footer_widgets":"","ocean_shortcode_before_footer_bottom":"","ocean_shortcode_after_footer_bottom":"","ocean_display_top_bar":"default","ocean_display_header":"default","ocean_header_style":"","ocean_center_header_left_menu":"","ocean_custom_header_template":"","ocean_custom_logo":0,"ocean_custom_retina_logo":0,"ocean_custom_logo_max_width":0,"ocean_custom_logo_tablet_max_width":0,"ocean_custom_logo_mobile_max_width":0,"ocean_custom_logo_max_height":0,"ocean_custom_logo_tablet_max_height":0,"ocean_custom_logo_mobile_max_height":0,"ocean_header_custom_menu":"","ocean_menu_typo_font_family":"","ocean_menu_typo_font_subset":"","ocean_menu_typo_font_size":0,"ocean_menu_typo_font_size_tablet":0,"ocean_menu_typo_font_size_mobile":0,"ocean_menu_typo_font_size_unit":"px","ocean_menu_typo_font_weight":"","ocean_menu_typo_font_weight_tablet":"","ocean_menu_typo_font_weight_mobile":"","ocean_menu_typo_transform":"","ocean_menu_typo_transform_tablet":"","ocean_menu_typo_transform_mobile":"","ocean_menu_typo_line_height":0,"ocean_menu_typo_line_height_tablet":0,"ocean_menu_typo_line_height_mobile":0,"ocean_menu_typo_line_height_unit":"","ocean_menu_typo_spacing":0,"ocean_menu_typo_spacing_tablet":0,"ocean_menu_typo_spacing_mobile":0,"ocean_menu_typo_spacing_unit":"","ocean_menu_link_color":"","ocean_menu_link_color_hover":"","ocean_menu_link_color_active":"","ocean_menu_link_background":"","ocean_menu_link_hover_background":"","ocean_menu_link_active_background":"","ocean_menu_social_links_bg":"","ocean_menu_social_hover_links_bg":"","ocean_menu_social_links_color":"","ocean_menu_social_hover_links_color":"","ocean_disable_title":"default","ocean_disable_heading":"default","ocean_post_title":"","ocean_post_subheading":"","ocean_post_title_style":"","ocean_post_title_background_color":"","ocean_post_title_background":0,"ocean_post_title_bg_image_position":"","ocean_post_title_bg_image_attachment":"","ocean_post_title_bg_image_repeat":"","ocean_post_title_bg_image_size":"","ocean_post_title_height":0,"ocean_post_title_bg_overlay":0.5,"ocean_post_title_bg_overlay_color":"","ocean_disable_breadcrumbs":"default","ocean_breadcrumbs_color":"","ocean_breadcrumbs_separator_color":"","ocean_breadcrumbs_links_color":"","ocean_breadcrumbs_links_hover_color":"","ocean_display_footer_widgets":"default","ocean_display_footer_bottom":"default","ocean_custom_footer_template":"","ocean_post_oembed":"","ocean_post_self_hosted_media":"","ocean_post_video_embed":"","ocean_link_format":"","ocean_link_format_target":"self","ocean_quote_format":"","ocean_quote_format_link":"post","ocean_gallery_link_images":"on","ocean_gallery_id":[],"footnotes":""},"categories":[7],"tags":[],"class_list":["post-11198","post","type-post","status-publish","format-standard","has-post-thumbnail","hentry","category-polski","entry","has-media"],"_links":{"self":[{"href":"https:\/\/www.stjohannes.no\/index.php?rest_route=\/wp\/v2\/posts\/11198","targetHints":{"allow":["GET"]}}],"collection":[{"href":"https:\/\/www.stjohannes.no\/index.php?rest_route=\/wp\/v2\/posts"}],"about":[{"href":"https:\/\/www.stjohannes.no\/index.php?rest_route=\/wp\/v2\/types\/post"}],"author":[{"embeddable":true,"href":"https:\/\/www.stjohannes.no\/index.php?rest_route=\/wp\/v2\/users\/6"}],"replies":[{"embeddable":true,"href":"https:\/\/www.stjohannes.no\/index.php?rest_route=%2Fwp%2Fv2%2Fcomments&post=11198"}],"version-history":[{"count":0,"href":"https:\/\/www.stjohannes.no\/index.php?rest_route=\/wp\/v2\/posts\/11198\/revisions"}],"wp:featuredmedia":[{"embeddable":true,"href":"https:\/\/www.stjohannes.no\/index.php?rest_route=\/"}],"wp:attachment":[{"href":"https:\/\/www.stjohannes.no\/index.php?rest_route=%2Fwp%2Fv2%2Fmedia&parent=11198"}],"wp:term":[{"taxonomy":"category","embeddable":true,"href":"https:\/\/www.stjohannes.no\/index.php?rest_route=%2Fwp%2Fv2%2Fcategories&post=11198"},{"taxonomy":"post_tag","embeddable":true,"href":"https:\/\/www.stjohannes.no\/index.php?rest_route=%2Fwp%2Fv2%2Ftags&post=11198"}],"curies":[{"name":"wp","href":"https:\/\/api.w.org\/{rel}","templated":true}]}}