{"id":11189,"date":"2018-05-08T15:51:56","date_gmt":"2018-05-08T13:51:56","guid":{"rendered":"http:\/\/stjohannes.oslo.katolsk.no\/?p=11189"},"modified":"2018-05-08T15:51:56","modified_gmt":"2018-05-08T13:51:56","slug":"ogloszenia-z-6-maja-2018-r-6-niedziela-wielkanocna","status":"publish","type":"post","link":"https:\/\/www.stjohannes.no\/?p=11189","title":{"rendered":"Og\u0142oszenia z 6 maja 2018 r. (6 Niedziela Wielkanocna)"},"content":{"rendered":"<p style=\"text-align: justify;\"><strong>1.<\/strong> Miesi\u0105c maj, kt\u00f3ry prze\u017cywamy jest miesi\u0105cem zwi\u0105zanym z Matk\u0105 Bo\u017c\u0105. Mo\u017ce warto pomy\u015ble\u0107 w tym miesi\u0105cu o zapisaniu si\u0119 na przyj\u0119cie figury MB Fatimskiej do swojego mieszkania, a tak\u017ce o utworzeniu R\u00f3\u017cy MB przy naszej parafii. Osoby czuj\u0105ce takie natchnienie zapraszam do zapisu w zakrystii lub telefonicznie. Miesi\u0105c maj w naszej polskiej tradycji wi\u0105\u017ce si\u0119 tak\u017ce ze \u015bpiewem Litanii do MB. Zapraszam zatem na nabo\u017ce\u0144stwa majowe w pi\u0105tki po Mszy \u015bw. w j. polskim. Zach\u0119cam tak\u017ce do codziennego odmawiania czy \u015bpiewu Litanii do MB w naszych rodzinach.<\/p>\n<p><strong>2.<\/strong> Serdecznie dzi\u0119kuj\u0119 wszystkim osobom, kt\u00f3re zaanga\u017cowa\u0142y si\u0119 w prze\u017cycie jubileuszu naszej parafii. \u201eB\u00f3g zap\u0142a\u0107\u201d:<br \/>\n&#8211; P. Adamowi za uczestnictwo w komitecie jubileuszowym i wysi\u0142ek z tym zwi\u0105zany;<br \/>\n&#8211; zespo\u0142owi i duetowi za gr\u0119 oraz \u015bpiew w czasie liturgii i festynu;<br \/>\n&#8211; P. Janowi za pomoc w roz\u0142o\u017ceniu namiot\u00f3w;<br \/>\n&#8211; wszystkim, kt\u00f3rzy upiekli ciasta;<br \/>\n&#8211; Paniom, kt\u00f3re zajmowa\u0142y si\u0119 sprzeda\u017c\u0105 ciast;<br \/>\n&#8211; wszystkim, kt\u00f3rzy uczestniczyli w tym jubileuszu.<\/p>\n<p style=\"text-align: justify;\"><strong>3.<\/strong> W przysz\u0142ym tygodniu:<br \/>\n\u2022 <span style=\"text-decoration: underline;\">we wtorek<\/span> \u2013 \u015bw. Stanis\u0142awa, jednego z g\u0142\u00f3wnych patron\u00f3w Polski<br \/>\n\u2022 <span style=\"text-decoration: underline;\">w czwartek<\/span> \u2013 Uroczysto\u015b\u0107 Wniebowst\u0105pienia Pa\u0144skiego. W tym dniu Msza \u015bw. w j. polskim o godz. <strong>19.30.<\/strong> Jest to \u015bwi\u0119to obowi\u0105zkowe wi\u0119c je\u015bli nie musimy pracowa\u0107 to pami\u0119tajmy, \u017ceby zachowa\u0107 niedzielny charakter tego dnia. W Polsce ta Uroczysto\u015b\u0107 jest przenoszona na niedziel\u0119, a tutaj z tego wzgl\u0119du, \u017ce Ko\u015bci\u00f3\u0142 protestancki tak\u017ce \u015bwi\u0119tuje wydarzenie Wniebowst\u0105pienia mamy dzie\u0144 wolny od pracy. St\u0105d \u015bwiadoma i dobrowolna praca oraz opuszczenie w tym dniu Mszy \u015bwi\u0119tej jest grzechem ci\u0119\u017ckim. W tym dniu I Komunia \u015bw. w j. norweskim o godz. 13.00 oraz wieczorna Msza \u015bw. w j. norweskim o godz. 18.00<br \/>\n\u2022 <span style=\"text-decoration: underline;\">w pi\u0105tek<\/span> \u2013 Msza \u015bw. w j. polskim z nabo\u017ce\u0144stwem majowym o godz. <strong>19.00<\/strong>. P\u00f3\u0142 godziny wcze\u015bniej mo\u017cliwo\u015b\u0107 spowiedzi<br \/>\n\u2022 <span style=\"text-decoration: underline;\">w przysz\u0142\u0105 niedziel\u0119<\/span> \u2013 Msza \u015bw. w j. polskim o godz. <strong>9.00<\/strong> oraz o godz. <strong>13.00<\/strong>. Ponadto w niedziele Msze \u015bwi\u0119te o godz. 11.00 w j. norweskim, o godz. 15.00 w j. angielskim, o godz. 17.30 w j. tamilskim i o godz. 19.30 w j. hiszpa\u0144skim.<\/p>\n<p style=\"text-align: justify;\">Msze \u015bwi\u0119te w dni powszednie w j. norweskim o godz. 18.00.<br \/>\nW sobot\u0119 o tej godzinie sprawowana jest w j. norweskim Msza \u015bwi\u0119ta z niedzieli.<\/p>\n<p style=\"text-align: justify;\"><strong>4.<\/strong> W najbli\u017csz\u0105 sobot\u0119 Msz\u0105 \u015bw. o godz. 19.00 rozpoczyna si\u0119 kurs przedma\u0142\u017ce\u0144ski w parafii \u015bw. Olafa. Zapisy u ks. Piotra \u015aledzia (nr tel. 488 94 952). Terminy wszystkich spotka\u0144 s\u0105 nast\u0119puj\u0105ce: 12.05.2018, 26.05.2018, 02.06.2018, 09.06.2018, 16.06.2018.<\/p>\n<p style=\"text-align: justify;\"><strong>5.<\/strong> Po b\u0142ogos\u0142awie\u0144stwie zapraszam do odebrania figury MB Fatimskiej kolejne ma\u0142\u017ce\u0144stwo, kt\u00f3re w tym tygodniu wyrazi\u0142o pragnienie modlitwy wraz z Maryj\u0105.<\/p>\n<p><strong>6.<\/strong> Teraz ukl\u0119knijmy, aby odm\u00f3wi\u0107 modlitw\u0119 do \u015bw. Teresy od Dzieci\u0105tka Jezus, prosz\u0105c ju\u017c dzi\u015b o owocne prze\u017cycie czekaj\u0105cego nas nawiedzenia relikwii tej \u015bwi\u0119tej i jej rodzic\u00f3w.<br \/>\nKs. Piotr G\u0105sior: +47 925 44 572.<\/p>\n","protected":false},"excerpt":{"rendered":"<p>1. Miesi\u0105c maj, kt\u00f3ry prze\u017cywamy jest miesi\u0105cem zwi\u0105zanym z Matk\u0105 Bo\u017c\u0105. Mo\u017ce warto pomy\u015ble\u0107 w tym miesi\u0105cu o zapisaniu si\u0119 na przyj\u0119cie figury MB Fatimskiej do swojego mieszkania, a tak\u017ce o utworzeniu R\u00f3\u017cy MB przy naszej parafii. Osoby czuj\u0105ce takie natchnienie zapraszam do zapisu w zakrystii lub telefonicznie. Miesi\u0105c maj w naszej polskiej tradycji wi\u0105\u017ce [&hellip;]<\/p>\n","protected":false},"author":6,"featured_media":8008,"comment_status":"closed","ping_status":"closed","sticky":false,"template":"","format":"standard","meta":{"ocean_post_layout":"","ocean_both_sidebars_style":"","ocean_both_sidebars_content_width":0,"ocean_both_sidebars_sidebars_width":0,"ocean_sidebar":"","ocean_second_sidebar":"","ocean_disable_margins":"enable","ocean_add_body_class":"","ocean_shortcode_before_top_bar":"","ocean_shortcode_after_top_bar":"","ocean_shortcode_before_header":"","ocean_shortcode_after_header":"","ocean_has_shortcode":"","ocean_shortcode_after_title":"","ocean_shortcode_before_footer_widgets":"","ocean_shortcode_after_footer_widgets":"","ocean_shortcode_before_footer_bottom":"","ocean_shortcode_after_footer_bottom":"","ocean_display_top_bar":"default","ocean_display_header":"default","ocean_header_style":"","ocean_center_header_left_menu":"","ocean_custom_header_template":"","ocean_custom_logo":0,"ocean_custom_retina_logo":0,"ocean_custom_logo_max_width":0,"ocean_custom_logo_tablet_max_width":0,"ocean_custom_logo_mobile_max_width":0,"ocean_custom_logo_max_height":0,"ocean_custom_logo_tablet_max_height":0,"ocean_custom_logo_mobile_max_height":0,"ocean_header_custom_menu":"","ocean_menu_typo_font_family":"","ocean_menu_typo_font_subset":"","ocean_menu_typo_font_size":0,"ocean_menu_typo_font_size_tablet":0,"ocean_menu_typo_font_size_mobile":0,"ocean_menu_typo_font_size_unit":"px","ocean_menu_typo_font_weight":"","ocean_menu_typo_font_weight_tablet":"","ocean_menu_typo_font_weight_mobile":"","ocean_menu_typo_transform":"","ocean_menu_typo_transform_tablet":"","ocean_menu_typo_transform_mobile":"","ocean_menu_typo_line_height":0,"ocean_menu_typo_line_height_tablet":0,"ocean_menu_typo_line_height_mobile":0,"ocean_menu_typo_line_height_unit":"","ocean_menu_typo_spacing":0,"ocean_menu_typo_spacing_tablet":0,"ocean_menu_typo_spacing_mobile":0,"ocean_menu_typo_spacing_unit":"","ocean_menu_link_color":"","ocean_menu_link_color_hover":"","ocean_menu_link_color_active":"","ocean_menu_link_background":"","ocean_menu_link_hover_background":"","ocean_menu_link_active_background":"","ocean_menu_social_links_bg":"","ocean_menu_social_hover_links_bg":"","ocean_menu_social_links_color":"","ocean_menu_social_hover_links_color":"","ocean_disable_title":"default","ocean_disable_heading":"default","ocean_post_title":"","ocean_post_subheading":"","ocean_post_title_style":"","ocean_post_title_background_color":"","ocean_post_title_background":0,"ocean_post_title_bg_image_position":"","ocean_post_title_bg_image_attachment":"","ocean_post_title_bg_image_repeat":"","ocean_post_title_bg_image_size":"","ocean_post_title_height":0,"ocean_post_title_bg_overlay":0.5,"ocean_post_title_bg_overlay_color":"","ocean_disable_breadcrumbs":"default","ocean_breadcrumbs_color":"","ocean_breadcrumbs_separator_color":"","ocean_breadcrumbs_links_color":"","ocean_breadcrumbs_links_hover_color":"","ocean_display_footer_widgets":"default","ocean_display_footer_bottom":"default","ocean_custom_footer_template":"","ocean_post_oembed":"","ocean_post_self_hosted_media":"","ocean_post_video_embed":"","ocean_link_format":"","ocean_link_format_target":"self","ocean_quote_format":"","ocean_quote_format_link":"post","ocean_gallery_link_images":"on","ocean_gallery_id":[],"footnotes":""},"categories":[7],"tags":[],"class_list":["post-11189","post","type-post","status-publish","format-standard","has-post-thumbnail","hentry","category-polski","entry","has-media"],"_links":{"self":[{"href":"https:\/\/www.stjohannes.no\/index.php?rest_route=\/wp\/v2\/posts\/11189","targetHints":{"allow":["GET"]}}],"collection":[{"href":"https:\/\/www.stjohannes.no\/index.php?rest_route=\/wp\/v2\/posts"}],"about":[{"href":"https:\/\/www.stjohannes.no\/index.php?rest_route=\/wp\/v2\/types\/post"}],"author":[{"embeddable":true,"href":"https:\/\/www.stjohannes.no\/index.php?rest_route=\/wp\/v2\/users\/6"}],"replies":[{"embeddable":true,"href":"https:\/\/www.stjohannes.no\/index.php?rest_route=%2Fwp%2Fv2%2Fcomments&post=11189"}],"version-history":[{"count":0,"href":"https:\/\/www.stjohannes.no\/index.php?rest_route=\/wp\/v2\/posts\/11189\/revisions"}],"wp:featuredmedia":[{"embeddable":true,"href":"https:\/\/www.stjohannes.no\/index.php?rest_route=\/"}],"wp:attachment":[{"href":"https:\/\/www.stjohannes.no\/index.php?rest_route=%2Fwp%2Fv2%2Fmedia&parent=11189"}],"wp:term":[{"taxonomy":"category","embeddable":true,"href":"https:\/\/www.stjohannes.no\/index.php?rest_route=%2Fwp%2Fv2%2Fcategories&post=11189"},{"taxonomy":"post_tag","embeddable":true,"href":"https:\/\/www.stjohannes.no\/index.php?rest_route=%2Fwp%2Fv2%2Ftags&post=11189"}],"curies":[{"name":"wp","href":"https:\/\/api.w.org\/{rel}","templated":true}]}}