{"id":11166,"date":"2018-04-23T13:23:13","date_gmt":"2018-04-23T11:23:13","guid":{"rendered":"http:\/\/stjohannes.oslo.katolsk.no\/?p=11166"},"modified":"2018-04-23T13:23:13","modified_gmt":"2018-04-23T11:23:13","slug":"ogloszenia-z-22-kwietania-2019-r-4-niedziela-wielkanocna","status":"publish","type":"post","link":"https:\/\/www.stjohannes.no\/?p=11166","title":{"rendered":"Og\u0142oszenia z 22 kwietnia 2018 r. (4 Niedziela Wielkanocna)"},"content":{"rendered":"<p style=\"text-align: justify;\"><strong>1.<\/strong> Prze\u017cywaj\u0105c dzisiaj 55 \u015awiatowy Dzie\u0144 Modlitw o Powo\u0142ania m\u00f3dlmy si\u0119, aby nigdy nie brak\u0142o w Ko\u015bciele pasterzy na wz\u00f3r Jezusa Dobrego Pasterza. Jezusowi Dobremu Pasterzowi dzi\u0119kujemy tak\u017ce za nowych ministrant\u00f3w w naszej wsp\u00f3lnocie, kt\u00f3rzy dzi\u015b do tej pos\u0142ugi przy o\u0142tarzu zostali przyj\u0119ci i pob\u0142ogos\u0142awieni.<br \/>\n<strong><br \/>\n2.<\/strong> \u201eB\u00f3g zap\u0142a\u0107\u201d wszystkim osobom prowadz\u0105cym i zaanga\u017cowanym w organizacj\u0119 katechez w minion\u0105 sobot\u0119.<br \/>\n<strong><br \/>\n3.<\/strong> W przysz\u0142ym tygodniu:<br \/>\n\u2022 <span style=\"text-decoration: underline;\">w poniedzia\u0142ek<\/span> \u2013 \u015bw. Wojciecha, jednego z g\u0142\u00f3wnych patron\u00f3w Polski<br \/>\n\u2022 <span style=\"text-decoration: underline;\">w \u015brod\u0119<\/span> \u2013 \u015bw. Marka, ewangelisty<br \/>\n\u2022 <span style=\"text-decoration: underline;\">w pi\u0105tek<\/span> \u2013 Msza \u015bw. w j. polskim o godz. 19.00. P\u00f3\u0142 godziny wcze\u015bniej mo\u017cliwo\u015b\u0107 spowiedzi<br \/>\n\u2022 <span style=\"text-decoration: underline;\">w przysz\u0142\u0105 niedziel\u0119<\/span> \u2013 Msza \u015bw. w j. polskim o godz. 9.00 oraz o godz. 13.00. Ponadto w niedziele Msze \u015bwi\u0119te o godz. 11.00 w j. norweskim, o godz. 15.00 w j. angielskim, o godz. 17.30 w j. tamilskim i o godz. 19.30 w j. hiszpa\u0144skim.<br \/>\nW czasie Mszy \u015bw. o godz. 13.00 Uroczysto\u015b\u0107 I Komunii \u015bwi\u0119tej dzieci z naszej polskiej wsp\u00f3lnoty. Dzieci wraz z rodzicami zapraszamy w poniedzia\u0142ek i czwartek na pr\u00f3b\u0119 o godz. 19.00, a w sobot\u0119 na spowied\u017a o godz. 15.00.<\/p>\n<p style=\"text-align: justify;\">Msze \u015bwi\u0119te w dni powszednie w j. norweskim o godz. 18.00.<br \/>\nW sobot\u0119 o tej godzinie sprawowana jest w j. norweskim Msza \u015bwi\u0119ta z niedzieli.<br \/>\n<strong><br \/>\n4.<\/strong> Dzisiaj i w przysz\u0142\u0105 niedziel\u0119 po Mszy \u015bwi\u0119tej w sali \u015bw. Mateusza odb\u0119dzie si\u0119 kiermasz ksi\u0105\u017cek, film\u00f3w i p\u0142yt. Doch\u00f3d ze sprzeda\u017cy to kolejna \u00abcegie\u0142ka\u00bb na gromadzenie \u015brodk\u00f3w materialnych na zakup ko\u015bcio\u0142a. Zapraszamy i serdecznie dzi\u0119kujemy za ofiary na ten cel.<br \/>\n<strong><br \/>\n5.<\/strong> W sobot\u0119 12 maja 2018 r. Msz\u0105 \u015bw. o godz. 19.00 rozpoczyna si\u0119 kurs przedma\u0142\u017ce\u0144ski w parafii \u015bw. Olafa. Zapisy u ks. Piotra \u015aledzia (nr tel. 488 94 952). Terminy wszystkich spotka\u0144 s\u0105 nast\u0119puj\u0105ce: 12.05.2018, 26.05.2018, 02.06.2018, 09.06.2018, 16.06.2018.<\/p>\n<p style=\"text-align: justify;\"><strong>6.<\/strong> W najbli\u017cszym czasie czekaj\u0105 nas r\u00f3\u017cne uroczysto\u015bci:<br \/>\n&#8211; <span style=\"text-decoration: underline;\">1 maja<\/span> jubileusz 5-lecia naszej parafii. Uroczysta Msza \u015bwi\u0119ta pod przewodnictwem bpa Bernta odb\u0119dzie si\u0119 o godz. 13.00, a po niej zapraszamy na kaw\u0119, ciasto i potrawy z innych stron \u015bwiata. Nasza polska wsp\u00f3lnota proszona jest o 10 ciast. Osoby, kt\u00f3re mog\u0142yby upiec ciasto na ten jubileusz, prosz\u0119 o tak\u0105 informacj\u0119 w zakrystii lub telefonicznie<br \/>\n&#8211; <span style=\"text-decoration: underline;\">3 maja<\/span> Uroczysto\u015b\u0107 NMP Kr\u00f3lowej Polski. Msza \u015bw. z Ojczyzn\u0119 o godz. 19.30. Serdecznie zapraszamy, zw\u0142aszcza \u017ce w tym roku prze\u017cywmy 100-lecie odzyskania niepodleg\u0142o\u015bci przez Polsk\u0119<br \/>\n&#8211; <span style=\"text-decoration: underline;\">26 maja<\/span> o godz. 11.00 Bierzmowanie m\u0142odzie\u017cy naszej parafii.<\/p>\n<p style=\"text-align: justify;\"><strong>7.<\/strong> Po b\u0142ogos\u0142awie\u0144stwie zapraszam do odebrania figury MB Fatimskiej kolejne ma\u0142\u017ce\u0144stwo, kt\u00f3re w tym tygodniu wyrazi\u0142o pragnienie modlitwy wraz z Maryj\u0105.<\/p>\n<p style=\"text-align: justify;\"><strong>8.<\/strong> Teraz ukl\u0119knijmy, aby odm\u00f3wi\u0107 modlitw\u0119 do \u015bw. Teresy od Dzieci\u0105tka Jezus, prosz\u0105c ju\u017c dzi\u015b o owocne prze\u017cycie czekaj\u0105cego nas nawiedzenia relikwii tej \u015bwi\u0119tej i jej rodzic\u00f3w.<br \/>\nKs. Piotr G\u0105sior: +47 925 44 572.<\/p>\n","protected":false},"excerpt":{"rendered":"<p>1. Prze\u017cywaj\u0105c dzisiaj 55 \u015awiatowy Dzie\u0144 Modlitw o Powo\u0142ania m\u00f3dlmy si\u0119, aby nigdy nie brak\u0142o w Ko\u015bciele pasterzy na wz\u00f3r Jezusa Dobrego Pasterza. Jezusowi Dobremu Pasterzowi dzi\u0119kujemy tak\u017ce za nowych ministrant\u00f3w w naszej wsp\u00f3lnocie, kt\u00f3rzy dzi\u015b do tej pos\u0142ugi przy o\u0142tarzu zostali przyj\u0119ci i pob\u0142ogos\u0142awieni. 2. \u201eB\u00f3g zap\u0142a\u0107\u201d wszystkim osobom prowadz\u0105cym i zaanga\u017cowanym w organizacj\u0119 [&hellip;]<\/p>\n","protected":false},"author":6,"featured_media":8009,"comment_status":"closed","ping_status":"closed","sticky":false,"template":"","format":"standard","meta":{"ocean_post_layout":"","ocean_both_sidebars_style":"","ocean_both_sidebars_content_width":0,"ocean_both_sidebars_sidebars_width":0,"ocean_sidebar":"","ocean_second_sidebar":"","ocean_disable_margins":"enable","ocean_add_body_class":"","ocean_shortcode_before_top_bar":"","ocean_shortcode_after_top_bar":"","ocean_shortcode_before_header":"","ocean_shortcode_after_header":"","ocean_has_shortcode":"","ocean_shortcode_after_title":"","ocean_shortcode_before_footer_widgets":"","ocean_shortcode_after_footer_widgets":"","ocean_shortcode_before_footer_bottom":"","ocean_shortcode_after_footer_bottom":"","ocean_display_top_bar":"default","ocean_display_header":"default","ocean_header_style":"","ocean_center_header_left_menu":"","ocean_custom_header_template":"","ocean_custom_logo":0,"ocean_custom_retina_logo":0,"ocean_custom_logo_max_width":0,"ocean_custom_logo_tablet_max_width":0,"ocean_custom_logo_mobile_max_width":0,"ocean_custom_logo_max_height":0,"ocean_custom_logo_tablet_max_height":0,"ocean_custom_logo_mobile_max_height":0,"ocean_header_custom_menu":"","ocean_menu_typo_font_family":"","ocean_menu_typo_font_subset":"","ocean_menu_typo_font_size":0,"ocean_menu_typo_font_size_tablet":0,"ocean_menu_typo_font_size_mobile":0,"ocean_menu_typo_font_size_unit":"px","ocean_menu_typo_font_weight":"","ocean_menu_typo_font_weight_tablet":"","ocean_menu_typo_font_weight_mobile":"","ocean_menu_typo_transform":"","ocean_menu_typo_transform_tablet":"","ocean_menu_typo_transform_mobile":"","ocean_menu_typo_line_height":0,"ocean_menu_typo_line_height_tablet":0,"ocean_menu_typo_line_height_mobile":0,"ocean_menu_typo_line_height_unit":"","ocean_menu_typo_spacing":0,"ocean_menu_typo_spacing_tablet":0,"ocean_menu_typo_spacing_mobile":0,"ocean_menu_typo_spacing_unit":"","ocean_menu_link_color":"","ocean_menu_link_color_hover":"","ocean_menu_link_color_active":"","ocean_menu_link_background":"","ocean_menu_link_hover_background":"","ocean_menu_link_active_background":"","ocean_menu_social_links_bg":"","ocean_menu_social_hover_links_bg":"","ocean_menu_social_links_color":"","ocean_menu_social_hover_links_color":"","ocean_disable_title":"default","ocean_disable_heading":"default","ocean_post_title":"","ocean_post_subheading":"","ocean_post_title_style":"","ocean_post_title_background_color":"","ocean_post_title_background":0,"ocean_post_title_bg_image_position":"","ocean_post_title_bg_image_attachment":"","ocean_post_title_bg_image_repeat":"","ocean_post_title_bg_image_size":"","ocean_post_title_height":0,"ocean_post_title_bg_overlay":0.5,"ocean_post_title_bg_overlay_color":"","ocean_disable_breadcrumbs":"default","ocean_breadcrumbs_color":"","ocean_breadcrumbs_separator_color":"","ocean_breadcrumbs_links_color":"","ocean_breadcrumbs_links_hover_color":"","ocean_display_footer_widgets":"default","ocean_display_footer_bottom":"default","ocean_custom_footer_template":"","ocean_post_oembed":"","ocean_post_self_hosted_media":"","ocean_post_video_embed":"","ocean_link_format":"","ocean_link_format_target":"self","ocean_quote_format":"","ocean_quote_format_link":"post","ocean_gallery_link_images":"on","ocean_gallery_id":[],"footnotes":""},"categories":[7],"tags":[],"class_list":["post-11166","post","type-post","status-publish","format-standard","has-post-thumbnail","hentry","category-polski","entry","has-media"],"_links":{"self":[{"href":"https:\/\/www.stjohannes.no\/index.php?rest_route=\/wp\/v2\/posts\/11166","targetHints":{"allow":["GET"]}}],"collection":[{"href":"https:\/\/www.stjohannes.no\/index.php?rest_route=\/wp\/v2\/posts"}],"about":[{"href":"https:\/\/www.stjohannes.no\/index.php?rest_route=\/wp\/v2\/types\/post"}],"author":[{"embeddable":true,"href":"https:\/\/www.stjohannes.no\/index.php?rest_route=\/wp\/v2\/users\/6"}],"replies":[{"embeddable":true,"href":"https:\/\/www.stjohannes.no\/index.php?rest_route=%2Fwp%2Fv2%2Fcomments&post=11166"}],"version-history":[{"count":0,"href":"https:\/\/www.stjohannes.no\/index.php?rest_route=\/wp\/v2\/posts\/11166\/revisions"}],"wp:featuredmedia":[{"embeddable":true,"href":"https:\/\/www.stjohannes.no\/index.php?rest_route=\/"}],"wp:attachment":[{"href":"https:\/\/www.stjohannes.no\/index.php?rest_route=%2Fwp%2Fv2%2Fmedia&parent=11166"}],"wp:term":[{"taxonomy":"category","embeddable":true,"href":"https:\/\/www.stjohannes.no\/index.php?rest_route=%2Fwp%2Fv2%2Fcategories&post=11166"},{"taxonomy":"post_tag","embeddable":true,"href":"https:\/\/www.stjohannes.no\/index.php?rest_route=%2Fwp%2Fv2%2Ftags&post=11166"}],"curies":[{"name":"wp","href":"https:\/\/api.w.org\/{rel}","templated":true}]}}