{"id":11087,"date":"2018-03-26T13:25:46","date_gmt":"2018-03-26T11:25:46","guid":{"rendered":"http:\/\/stjohannes.oslo.katolsk.no\/?p=11087"},"modified":"2018-03-26T13:25:46","modified_gmt":"2018-03-26T11:25:46","slug":"ogloszenia-z-25-marca-2018-r-niedziela-palmowa","status":"publish","type":"post","link":"https:\/\/www.stjohannes.no\/?p=11087","title":{"rendered":"Og\u0142oszenia z 25 marca 2018 r. (Niedziela Palmowa)"},"content":{"rendered":"<p style=\"text-align: justify;\"><strong>1.<\/strong> Rozpocz\u0119li\u015bmy Wielki Tydzie\u0144. Niech ten czas b\u0119dzie dla nas okazj\u0105 do pog\u0142\u0119bionej refleksji nad nasz\u0105 wiar\u0105 i trwaniem przy Chrystusie.<\/p>\n<p style=\"text-align: justify;\"><strong>2.<\/strong> W przysz\u0142ym tygodniu:<br \/>\n\u2022 <span style=\"text-decoration: underline;\">w Wielki Poniedzia\u0142ek<\/span> \u2013 spowied\u017a przed\u015bwi\u0105teczna od godz. 16.30 do godz. 19.30<br \/>\n\u2022 <span style=\"text-decoration: underline;\">w Wielki Wtorek<\/span> \u2013 Msza \u015bw. w j. norweskim wyj\u0105tkowo o godz. 8.00 rano, gdy\u017c wieczorem o godz. 18.00 w katedrze \u015bw. Olafa b\u0119dzie Msza \u015bw. z po\u015bwi\u0119ceniem olej\u00f3w pod przewodnictwem ks. biskupa, na kt\u00f3r\u0105 zaproszeni s\u0105 wszyscy kap\u0142ani<br \/>\n\u2022<span style=\"text-decoration: underline;\"> w Wielki Czwartek<\/span> \u2013 rozpoczynamy czas Triduum Paschalnego. Liturgia W. Czwartku w j. polskim o godz. 13.00. W tym dniu nasza polska grupa ma czuwanie przy ciemnicy od godz. 21.00 do godz. 22.00<br \/>\n\u2022 <span style=\"text-decoration: underline;\">Liturgia Wielkiego Pi\u0105tku<\/span> \u2013 r\u00f3wnie\u017c o godz. 13.00. W tym dniu obwi\u0105zuje wstrzemi\u0119\u017aliwo\u015bci od pokarm\u00f3w mi\u0119snych, a tak\u017ce post \u015bcis\u0142y polegaj\u0105cy na ograniczeniu ilo\u015bci jedzenia do 3 posi\u0142k\u00f3w. W tym dniu rozpoczyna si\u0119 tak\u017ce Nowenna do Mi\u0142osierdzia Bo\u017cego. Zach\u0119camy do prywatnego odmawiania Nowenny. Jej tre\u015b\u0107 b\u0119dzie umieszczona na stronie internetowej parafii. Natomiast przed Liturgi\u0105 Wielkiego Pi\u0105tku zapraszamy na Drog\u0119 Krzy\u017cow\u0105 o godz. 12.30. R\u00f3wnie\u017c w W. Pi\u0105tek nasza polska grupa ma czuwanie przy grobie Pa\u0144skim od godz. 21.00 do godz. 22.00<br \/>\n\u2022 <span style=\"text-decoration: underline;\">w Wielk\u0105 Sobot\u0119<\/span> \u2013 po\u015bwi\u0119cenie pokarm\u00f3w o godz. 9.00, 10.00, 11.00, 12.00. Natomiast Liturgia Wigilii Paschalnej w j. polskim o godz. 15.00. Po zako\u0144czonych obrz\u0119dach mo\u017cliwo\u015b\u0107 po\u015bwi\u0119cenia pokarm\u00f3w dla tych, kt\u00f3rzy maj\u0105 nieco dalej do ko\u015bcio\u0142a i chc\u0105 uczestniczy\u0107 w Mszy \u015bw. Wigilii Paschalnej.<br \/>\n\u2022 <span style=\"text-decoration: underline;\">w Niedziel\u0119 Zmartwychwstania Pa\u0144skiego<\/span> \u2013 Msze \u015bwi\u0119te w j. polskim o godz. 8.00 z procesj\u0105 rezurekcyjn\u0105 wok\u00f3\u0142 ko\u015bcio\u0142a oraz o godz. 13.00<br \/>\n\u2022 <span style=\"text-decoration: underline;\">w Poniedzia\u0142ek Wielkanocny<\/span> \u2013 Msza \u015bw. w j. polskim o godz. 9.00.<\/p>\n<p style=\"text-align: justify;\">Szczeg\u00f3\u0142owy program Liturgii Wielkiego Tygodnia i \u015awi\u0105t Wielkanocnych we wszystkich j\u0119zykach jest umieszczony w gablocie i na stronie naszej parafii pod tym <a href=\"http:\/\/stjohannes.oslo.katolsk.no\/messetider-for-pasken-2018\/\">linkiem<\/a>.<\/p>\n<p style=\"text-align: justify;\"><strong>3.<\/strong> Przypominamy, \u017ce nie wolno parkowa\u0107 samochod\u00f3w na parkingu przy wi\u0119zieniu oraz \u017ce obowi\u0105zuje ruch jednostronny wok\u00f3\u0142 ko\u015bcio\u0142a. Prosimy zatem obje\u017cd\u017ca\u0107 ko\u015bci\u00f3\u0142 z prawej strony. To znacznie u\u0142atwi wymian\u0119 samochod\u00f3w na parkingach.<\/p>\n<p style=\"text-align: justify;\"><strong>4.<\/strong> W naszej parafii trwa zbi\u00f3rka ksi\u0105\u017cek, film\u00f3w i p\u0142yt. Mo\u017cna je przynie\u015b\u0107 po ka\u017cdej Mszy \u015bwi\u0119tej do zakrystii. W niedziel\u0119 15.04 i 22.04 odb\u0119dzie si\u0119 kiermasz, na kt\u00f3rym b\u0119dzie mo\u017cna naby\u0107 te rzeczy. Doch\u00f3d ze sprzeda\u017cy to kolejna \u00abcegie\u0142ka\u00bb na gromadzenie \u015brodk\u00f3w materialnych na zakup ko\u015bcio\u0142a.<\/p>\n<p style=\"text-align: justify;\"><strong>5.<\/strong> Po b\u0142ogos\u0142awie\u0144stwie zapraszam do odebrania figury MB Fatimskiej kolejne ma\u0142\u017ce\u0144stwo, kt\u00f3re w tym tygodniu wyrazi\u0142o pragnienie modlitwy wraz z Maryj\u0105.<\/p>\n<p style=\"text-align: justify;\"><strong>6.<\/strong> Teraz ukl\u0119knijmy, aby odm\u00f3wi\u0107 modlitw\u0119 do \u015bw. Teresy od Dzieci\u0105tka Jezus, prosz\u0105c ju\u017c dzi\u015b o owocne prze\u017cycie czekaj\u0105cego nas nawiedzenia relikwii tej \u015bwi\u0119tej i jej rodzic\u00f3w.<\/p>\n<p style=\"text-align: justify;\"><strong>7.<\/strong> Przypominam, \u017ce og\u0142oszenia w j. polskim umieszczane s\u0105 w gazetce niedzielnej oraz na Facebooku i na stronie naszej parafii: stjohannes.oslo.katolsk.no w zak\u0142adce \u201ePolski\u201d.<br \/>\nKs. Piotr G\u0105sior: +47 925 44 572.<\/p>\n","protected":false},"excerpt":{"rendered":"<p>1. Rozpocz\u0119li\u015bmy Wielki Tydzie\u0144. Niech ten czas b\u0119dzie dla nas okazj\u0105 do pog\u0142\u0119bionej refleksji nad nasz\u0105 wiar\u0105 i trwaniem przy Chrystusie. 2. W przysz\u0142ym tygodniu: \u2022 w Wielki Poniedzia\u0142ek \u2013 spowied\u017a przed\u015bwi\u0105teczna od godz. 16.30 do godz. 19.30 \u2022 w Wielki Wtorek \u2013 Msza \u015bw. w j. norweskim wyj\u0105tkowo o godz. 8.00 rano, gdy\u017c wieczorem [&hellip;]<\/p>\n","protected":false},"author":6,"featured_media":8009,"comment_status":"closed","ping_status":"closed","sticky":false,"template":"","format":"standard","meta":{"ocean_post_layout":"","ocean_both_sidebars_style":"","ocean_both_sidebars_content_width":0,"ocean_both_sidebars_sidebars_width":0,"ocean_sidebar":"","ocean_second_sidebar":"","ocean_disable_margins":"enable","ocean_add_body_class":"","ocean_shortcode_before_top_bar":"","ocean_shortcode_after_top_bar":"","ocean_shortcode_before_header":"","ocean_shortcode_after_header":"","ocean_has_shortcode":"","ocean_shortcode_after_title":"","ocean_shortcode_before_footer_widgets":"","ocean_shortcode_after_footer_widgets":"","ocean_shortcode_before_footer_bottom":"","ocean_shortcode_after_footer_bottom":"","ocean_display_top_bar":"default","ocean_display_header":"default","ocean_header_style":"","ocean_center_header_left_menu":"","ocean_custom_header_template":"","ocean_custom_logo":0,"ocean_custom_retina_logo":0,"ocean_custom_logo_max_width":0,"ocean_custom_logo_tablet_max_width":0,"ocean_custom_logo_mobile_max_width":0,"ocean_custom_logo_max_height":0,"ocean_custom_logo_tablet_max_height":0,"ocean_custom_logo_mobile_max_height":0,"ocean_header_custom_menu":"","ocean_menu_typo_font_family":"","ocean_menu_typo_font_subset":"","ocean_menu_typo_font_size":0,"ocean_menu_typo_font_size_tablet":0,"ocean_menu_typo_font_size_mobile":0,"ocean_menu_typo_font_size_unit":"px","ocean_menu_typo_font_weight":"","ocean_menu_typo_font_weight_tablet":"","ocean_menu_typo_font_weight_mobile":"","ocean_menu_typo_transform":"","ocean_menu_typo_transform_tablet":"","ocean_menu_typo_transform_mobile":"","ocean_menu_typo_line_height":0,"ocean_menu_typo_line_height_tablet":0,"ocean_menu_typo_line_height_mobile":0,"ocean_menu_typo_line_height_unit":"","ocean_menu_typo_spacing":0,"ocean_menu_typo_spacing_tablet":0,"ocean_menu_typo_spacing_mobile":0,"ocean_menu_typo_spacing_unit":"","ocean_menu_link_color":"","ocean_menu_link_color_hover":"","ocean_menu_link_color_active":"","ocean_menu_link_background":"","ocean_menu_link_hover_background":"","ocean_menu_link_active_background":"","ocean_menu_social_links_bg":"","ocean_menu_social_hover_links_bg":"","ocean_menu_social_links_color":"","ocean_menu_social_hover_links_color":"","ocean_disable_title":"default","ocean_disable_heading":"default","ocean_post_title":"","ocean_post_subheading":"","ocean_post_title_style":"","ocean_post_title_background_color":"","ocean_post_title_background":0,"ocean_post_title_bg_image_position":"","ocean_post_title_bg_image_attachment":"","ocean_post_title_bg_image_repeat":"","ocean_post_title_bg_image_size":"","ocean_post_title_height":0,"ocean_post_title_bg_overlay":0.5,"ocean_post_title_bg_overlay_color":"","ocean_disable_breadcrumbs":"default","ocean_breadcrumbs_color":"","ocean_breadcrumbs_separator_color":"","ocean_breadcrumbs_links_color":"","ocean_breadcrumbs_links_hover_color":"","ocean_display_footer_widgets":"default","ocean_display_footer_bottom":"default","ocean_custom_footer_template":"","ocean_post_oembed":"","ocean_post_self_hosted_media":"","ocean_post_video_embed":"","ocean_link_format":"","ocean_link_format_target":"self","ocean_quote_format":"","ocean_quote_format_link":"post","ocean_gallery_link_images":"on","ocean_gallery_id":[],"footnotes":""},"categories":[7],"tags":[],"class_list":["post-11087","post","type-post","status-publish","format-standard","has-post-thumbnail","hentry","category-polski","entry","has-media"],"_links":{"self":[{"href":"https:\/\/www.stjohannes.no\/index.php?rest_route=\/wp\/v2\/posts\/11087","targetHints":{"allow":["GET"]}}],"collection":[{"href":"https:\/\/www.stjohannes.no\/index.php?rest_route=\/wp\/v2\/posts"}],"about":[{"href":"https:\/\/www.stjohannes.no\/index.php?rest_route=\/wp\/v2\/types\/post"}],"author":[{"embeddable":true,"href":"https:\/\/www.stjohannes.no\/index.php?rest_route=\/wp\/v2\/users\/6"}],"replies":[{"embeddable":true,"href":"https:\/\/www.stjohannes.no\/index.php?rest_route=%2Fwp%2Fv2%2Fcomments&post=11087"}],"version-history":[{"count":0,"href":"https:\/\/www.stjohannes.no\/index.php?rest_route=\/wp\/v2\/posts\/11087\/revisions"}],"wp:featuredmedia":[{"embeddable":true,"href":"https:\/\/www.stjohannes.no\/index.php?rest_route=\/"}],"wp:attachment":[{"href":"https:\/\/www.stjohannes.no\/index.php?rest_route=%2Fwp%2Fv2%2Fmedia&parent=11087"}],"wp:term":[{"taxonomy":"category","embeddable":true,"href":"https:\/\/www.stjohannes.no\/index.php?rest_route=%2Fwp%2Fv2%2Fcategories&post=11087"},{"taxonomy":"post_tag","embeddable":true,"href":"https:\/\/www.stjohannes.no\/index.php?rest_route=%2Fwp%2Fv2%2Ftags&post=11087"}],"curies":[{"name":"wp","href":"https:\/\/api.w.org\/{rel}","templated":true}]}}