{"id":10943,"date":"2018-03-05T11:34:35","date_gmt":"2018-03-05T10:34:35","guid":{"rendered":"http:\/\/stjohannes.oslo.katolsk.no\/?p=10943"},"modified":"2018-03-05T11:34:35","modified_gmt":"2018-03-05T10:34:35","slug":"ogloszenia-z-4-marca-2018-r","status":"publish","type":"post","link":"https:\/\/www.stjohannes.no\/?p=10943","title":{"rendered":"Og\u0142oszenia z 4 marca 2018 r."},"content":{"rendered":"<p style=\"text-align: justify;\"><strong>1.<\/strong> W najbli\u017cszym tygodniu:<br \/>\n\u2022 <span style=\"text-decoration: underline;\">w czwartek<\/span> \u2013 z racji Dnia Kobiet pami\u0119tajmy w naszych modlitwach o wszystkich kobietach<br \/>\n\u2022 <span style=\"text-decoration: underline;\">w pi\u0105tek<\/span> \u2013 Msza \u015bwi\u0119ta w j. polskim o godz. 20.00, a po niej \u201eDroga Krzy\u017cowa\u201d. Przypominamy, \u017ce od pi\u0105tku do soboty podejmiemy po raz kolejny inicjatyw\u0119 \u201e24 godziny dla Pana\u201d. Zgodnie z zach\u0119t\u0105 papie\u017ca Franciszka postarajmy si\u0119 tak zorganizowa\u0107 swoje zaj\u0119cia, aby znale\u017a\u0107 czas na osobist\u0105 adoracj\u0119 Naj\u015bwi\u0119tszego Sakramentu w tych najbli\u017cszych dniach. W naszej parafii czuwanie rozpocznie si\u0119 w pi\u0105tek od godz. 13.00 i zako\u0144czy si\u0119 w sobot\u0119 o godz.13.00. Prosimy bardzo o zapisy zw\u0142aszcza na nocne czuwanie. Lista z wolnymi godzinami jest umieszczona przy wyj\u015bciu z ko\u015bcio\u0142a<br \/>\n\u2022<span style=\"text-decoration: underline;\"> w przysz\u0142\u0105 niedziel\u0119<\/span> \u2013 Msza \u015bw. w j. polskim o godz. 9.00 i o godz. 13.00. W czasie tych Mszy \u015bwi\u0119tych b\u0119dziemy go\u015bcili w naszej wsp\u00f3lnocie Pana dra hab. M. Guzewicza, kt\u00f3ry wyg\u0142osi konferencje dla ma\u0142\u017conk\u00f3w. Ponadto w niedziele Msze \u015bwi\u0119te o godz. 11.00 w j. norweskim, o godz. 15.00 w j. angielskim, o godz. 17.30 w j. tamilskim i o godz. 19.30 w j. hiszpa\u0144skim.<\/p>\n<p>Msze \u015bwi\u0119te w dni powszednie w j. norweskim o godz. 18.00.<br \/>\nW sobot\u0119 o tej godzinie sprawowana jest w j. norweskim Msza \u015bwi\u0119ta z niedzieli.<\/p>\n<p style=\"text-align: justify;\"><strong>2.<\/strong> Nowoprzyby\u0142ym do Norwegii przypominamy o zarejestrowaniu si\u0119 w Ko\u015bciele katolickim. Formularze s\u0105 do odebrania przy wyj\u015bciu z ko\u015bcio\u0142a. Mo\u017cna to tak\u017ce uczyni\u0107 przez stron\u0119 internetow\u0105 <a href=\"https:\/\/www.katolsk.no\/services\/registrering\/?lk=pl\">diecezji<\/a>.<\/p>\n<p style=\"text-align: justify;\"><strong>3.<\/strong> W pi\u0105tek 16 marca o godz. 19.00 w katedrze \u015bw. Olafa odb\u0119dzie si\u0119 Msza \u015bwi\u0119ta za uczestnik\u00f3w Ekstremalnej Drogi Krzy\u017cowej. Szczeg\u00f3\u0142owe informacje o EDK mo\u017cna uzyska\u0107 dzwoni\u0105c na numer telefonu: 939 84 948.\u00a0Wi\u0119cej infor\u00admacji o EDK pod tym<a href=\"https:\/\/www.edk.org.pl\/trasa-edk\/815\"> linkiem<\/a>.<\/p>\n<p style=\"text-align: justify;\"><strong>4.<\/strong> Przed nami \u015awi\u0119ta Wielkanocne, kt\u00f3re poprzedzone s\u0105 Triduum Paschalnym. Liturgia W. Czwartku i W. Pi\u0105tku b\u0119dzie w j. polskim o godz. 13.00, a W. Soboty o godz. 15.00. Natomiast w Wielkanoc o godz. 8.00 planowana jest procesja rezurekcyjna z Msz\u0105 \u015bwi\u0119t\u0105. W zwi\u0105zku z tym ogromna pro\u015bba, aby osoby zostaj\u0105ce w Oslo i mog\u0105ce pom\u00f3c w tych dniach w czytaniach czy w \u015bpiewie psalm\u00f3w zg\u0142osi\u0142y si\u0119 w zakrystii.<\/p>\n<p style=\"text-align: justify;\"><strong>5.<\/strong> Po b\u0142ogos\u0142awie\u0144stwie zapraszam do odebrania figury MB Fatimskiej kolejne ma\u0142\u017ce\u0144stwo, kt\u00f3re w tym tygodniu wyrazi\u0142o pragnienie modlitwy wraz z Maryj\u0105. Wci\u0105\u017c zach\u0119cam do zapis\u00f3w na przyj\u0119cie figury MB do swoich mieszka\u0144.<\/p>\n<p style=\"text-align: justify;\"><strong>6.<\/strong> Teraz ukl\u0119knijmy, aby odm\u00f3wi\u0107 modlitw\u0119 do \u015bw. Teresy od Dzieci\u0105tka Jezus, prosz\u0105c ju\u017c dzi\u015b o owocne prze\u017cycie czekaj\u0105cego nas nawiedzenia relikwii tej \u015bwi\u0119tej i jej rodzic\u00f3w.<\/p>\n<p style=\"text-align: justify;\"><strong>7.<\/strong> Przypominam, \u017ce og\u0142oszenia w j. polskim umieszczane s\u0105 w gazetce niedzielnej oraz na Facebooku i na stronie naszej parafii: stjohannes.oslo.katolsk.no w zak\u0142adce \u201ePolski\u201d.<\/p>\n<p>Ks. Piotr G\u0105sior: +47 925 44 572.<\/p>\n","protected":false},"excerpt":{"rendered":"<p>1. W najbli\u017cszym tygodniu: \u2022 w czwartek \u2013 z racji Dnia Kobiet pami\u0119tajmy w naszych modlitwach o wszystkich kobietach \u2022 w pi\u0105tek \u2013 Msza \u015bwi\u0119ta w j. polskim o godz. 20.00, a po niej \u201eDroga Krzy\u017cowa\u201d. Przypominamy, \u017ce od pi\u0105tku do soboty podejmiemy po raz kolejny inicjatyw\u0119 \u201e24 godziny dla Pana\u201d. Zgodnie z zach\u0119t\u0105 papie\u017ca [&hellip;]<\/p>\n","protected":false},"author":6,"featured_media":8009,"comment_status":"closed","ping_status":"closed","sticky":false,"template":"","format":"standard","meta":{"ocean_post_layout":"","ocean_both_sidebars_style":"","ocean_both_sidebars_content_width":0,"ocean_both_sidebars_sidebars_width":0,"ocean_sidebar":"","ocean_second_sidebar":"","ocean_disable_margins":"enable","ocean_add_body_class":"","ocean_shortcode_before_top_bar":"","ocean_shortcode_after_top_bar":"","ocean_shortcode_before_header":"","ocean_shortcode_after_header":"","ocean_has_shortcode":"","ocean_shortcode_after_title":"","ocean_shortcode_before_footer_widgets":"","ocean_shortcode_after_footer_widgets":"","ocean_shortcode_before_footer_bottom":"","ocean_shortcode_after_footer_bottom":"","ocean_display_top_bar":"default","ocean_display_header":"default","ocean_header_style":"","ocean_center_header_left_menu":"","ocean_custom_header_template":"","ocean_custom_logo":0,"ocean_custom_retina_logo":0,"ocean_custom_logo_max_width":0,"ocean_custom_logo_tablet_max_width":0,"ocean_custom_logo_mobile_max_width":0,"ocean_custom_logo_max_height":0,"ocean_custom_logo_tablet_max_height":0,"ocean_custom_logo_mobile_max_height":0,"ocean_header_custom_menu":"","ocean_menu_typo_font_family":"","ocean_menu_typo_font_subset":"","ocean_menu_typo_font_size":0,"ocean_menu_typo_font_size_tablet":0,"ocean_menu_typo_font_size_mobile":0,"ocean_menu_typo_font_size_unit":"px","ocean_menu_typo_font_weight":"","ocean_menu_typo_font_weight_tablet":"","ocean_menu_typo_font_weight_mobile":"","ocean_menu_typo_transform":"","ocean_menu_typo_transform_tablet":"","ocean_menu_typo_transform_mobile":"","ocean_menu_typo_line_height":0,"ocean_menu_typo_line_height_tablet":0,"ocean_menu_typo_line_height_mobile":0,"ocean_menu_typo_line_height_unit":"","ocean_menu_typo_spacing":0,"ocean_menu_typo_spacing_tablet":0,"ocean_menu_typo_spacing_mobile":0,"ocean_menu_typo_spacing_unit":"","ocean_menu_link_color":"","ocean_menu_link_color_hover":"","ocean_menu_link_color_active":"","ocean_menu_link_background":"","ocean_menu_link_hover_background":"","ocean_menu_link_active_background":"","ocean_menu_social_links_bg":"","ocean_menu_social_hover_links_bg":"","ocean_menu_social_links_color":"","ocean_menu_social_hover_links_color":"","ocean_disable_title":"default","ocean_disable_heading":"default","ocean_post_title":"","ocean_post_subheading":"","ocean_post_title_style":"","ocean_post_title_background_color":"","ocean_post_title_background":0,"ocean_post_title_bg_image_position":"","ocean_post_title_bg_image_attachment":"","ocean_post_title_bg_image_repeat":"","ocean_post_title_bg_image_size":"","ocean_post_title_height":0,"ocean_post_title_bg_overlay":0.5,"ocean_post_title_bg_overlay_color":"","ocean_disable_breadcrumbs":"default","ocean_breadcrumbs_color":"","ocean_breadcrumbs_separator_color":"","ocean_breadcrumbs_links_color":"","ocean_breadcrumbs_links_hover_color":"","ocean_display_footer_widgets":"default","ocean_display_footer_bottom":"default","ocean_custom_footer_template":"","ocean_post_oembed":"","ocean_post_self_hosted_media":"","ocean_post_video_embed":"","ocean_link_format":"","ocean_link_format_target":"self","ocean_quote_format":"","ocean_quote_format_link":"post","ocean_gallery_link_images":"on","ocean_gallery_id":[],"footnotes":""},"categories":[7],"tags":[],"class_list":["post-10943","post","type-post","status-publish","format-standard","has-post-thumbnail","hentry","category-polski","entry","has-media"],"_links":{"self":[{"href":"https:\/\/www.stjohannes.no\/index.php?rest_route=\/wp\/v2\/posts\/10943","targetHints":{"allow":["GET"]}}],"collection":[{"href":"https:\/\/www.stjohannes.no\/index.php?rest_route=\/wp\/v2\/posts"}],"about":[{"href":"https:\/\/www.stjohannes.no\/index.php?rest_route=\/wp\/v2\/types\/post"}],"author":[{"embeddable":true,"href":"https:\/\/www.stjohannes.no\/index.php?rest_route=\/wp\/v2\/users\/6"}],"replies":[{"embeddable":true,"href":"https:\/\/www.stjohannes.no\/index.php?rest_route=%2Fwp%2Fv2%2Fcomments&post=10943"}],"version-history":[{"count":0,"href":"https:\/\/www.stjohannes.no\/index.php?rest_route=\/wp\/v2\/posts\/10943\/revisions"}],"wp:featuredmedia":[{"embeddable":true,"href":"https:\/\/www.stjohannes.no\/index.php?rest_route=\/"}],"wp:attachment":[{"href":"https:\/\/www.stjohannes.no\/index.php?rest_route=%2Fwp%2Fv2%2Fmedia&parent=10943"}],"wp:term":[{"taxonomy":"category","embeddable":true,"href":"https:\/\/www.stjohannes.no\/index.php?rest_route=%2Fwp%2Fv2%2Fcategories&post=10943"},{"taxonomy":"post_tag","embeddable":true,"href":"https:\/\/www.stjohannes.no\/index.php?rest_route=%2Fwp%2Fv2%2Ftags&post=10943"}],"curies":[{"name":"wp","href":"https:\/\/api.w.org\/{rel}","templated":true}]}}