{"id":10731,"date":"2018-01-29T11:25:45","date_gmt":"2018-01-29T10:25:45","guid":{"rendered":"http:\/\/stjohannes.oslo.katolsk.no\/?p=10731"},"modified":"2018-01-29T11:25:45","modified_gmt":"2018-01-29T10:25:45","slug":"ogloszenia-z-28-stycznia-2018-r","status":"publish","type":"post","link":"https:\/\/www.stjohannes.no\/?p=10731","title":{"rendered":"Og\u0142oszenia z 28 stycznia 2018 r."},"content":{"rendered":"<p style=\"text-align: justify;\"><strong>1.<\/strong> W najbli\u017cszym tygodniu:<br \/>\n\u2022<span style=\"text-decoration: underline;\"> w poniedzia\u0142ek<\/span> \u2013 o godz. 18.00 nie b\u0119dzie Mszy \u015bwi\u0119tej, lecz Liturgia S\u0142owa z Komuni\u0105 \u015awi\u0119t\u0105, gdy\u017c o tej samej godzinie kap\u0142ani b\u0119d\u0105 sprawowali Msze \u015bw. w katedrze wraz z nowym nuncjuszem<br \/>\n\u2022 <span style=\"text-decoration: underline;\">w \u015brod\u0119<\/span> \u2013 wspomnienie \u015bw. Jana Bosko<br \/>\n\u2022 <span style=\"text-decoration: underline;\">w czwartek<\/span> \u2013 z racji I czwartku miesi\u0105ca pro\u015bmy w naszych modlitwach o nowe powo\u0142ania kap\u0142a\u0144skie<br \/>\n\u2022 <span style=\"text-decoration: underline;\">w pi\u0105tek<\/span> \u2013 \u015bwi\u0119to Ofiarowania Pa\u0144skiego, kt\u00f3re prze\u017cywane jest w Ko\u015bciele jako Dzie\u0144 \u017bycia Konsekrowanego. Pami\u0119tajmy zatem w tym dniu w naszych modlitwach o osobach zakonnych, kt\u00f3re po\u015bwi\u0119ci\u0142y swoje \u017cycie Bogu. W tym dniu przypada tak\u017ce I pi\u0105tek miesi\u0105ca, wi\u0119c modlimy si\u0119 tak\u017ce za misje \u015bwi\u0119te i wynagradzamy Naj\u015bwi\u0119tszemu Sercu Jezusa. <span style=\"color: #ff0000;\">Od godz. 17.30 mo\u017cliwo\u015b\u0107 spowiedzi, a Msza \u015bw. w j. polskim wyj\u0105tkowo z racji wypadaj\u0105cego \u015bwi\u0119ta o godz. 19.30. <span style=\"color: #ff0000;\">Chcia\u0142em tak\u017ce poinformowa\u0107, \u017ce w okresie W. Postu Msza \u015bwi\u0119ta w j. polskim w pi\u0105tki b\u0119dzie o godz. 20.00, bo zwyczajem minionych lat po Mszy \u015bw. w j. norweskim odbywa si\u0119 Droga Krzy\u017cowa w j. tamilskim.<\/span> <\/span><b><\/b><i><\/i><u><\/u><br \/>\n\u2022 <span style=\"text-decoration: underline;\">w sobot\u0119<\/span> \u2013 I sobota miesi\u0105ca, st\u0105d zach\u0119camy do praktykowania nabo\u017ce\u0144stwa pi\u0119ciu pierwszych sob\u00f3t miesi\u0105ca. W tym dniu o godz. 16.00 spotkanie dla rodzic\u00f3w dzieci przyjmuj\u0105cych w tym roku I Komuni\u0119 \u015bw.<br \/>\n\u2022 <span style=\"text-decoration: underline;\">w przysz\u0142\u0105 niedziel\u0119<\/span> \u2013 Msza \u015bw. w j. polskim o godz. 9.00 oraz o godz. 13.00. Ponadto w niedziele Msze \u015bwi\u0119te o godz. 11.00 w j. norweskim, o godz. 15.00 w j. angielskim, o godz. 17.30 w j. tamilskim i o godz. 19.30 w j. hiszpa\u0144skim.<br \/>\nNatomiast Msze \u015bwi\u0119te w dni powszednie w j. norweskim o godz. 18.00.<br \/>\nW sobot\u0119 o tej godzinie sprawowana jest w j. norweskim Msza \u015bwi\u0119ta z niedzieli.<\/p>\n<p style=\"text-align: justify;\"><strong>2.<\/strong> Wszystkich zainteresowanych katechez\u0105 przedma\u0142\u017ce\u0144sk\u0105 chcia\u0142em poinformowa\u0107, \u017ce w naszej parafii taka katecheza w j. polskim b\u0119dzie prowadzona w Wielkim Po\u015bcie. Pierwsza katecheza odb\u0119dzie si\u0119 1 marca 2018 r. o godz. 19.00. Dla orientacji, ile os\u00f3b b\u0119dzie uczestniczy\u0142o w tej katechezie, prosz\u0119 o dokonanie zapisu w zakrystii po Mszy \u015bwi\u0119tej.<br \/>\nSzczeg\u00f3\u0142owy plan katechez przedma\u0142\u017ce\u0144skich:<br \/>\n1 marca 2018 r. (czwartek) \u2013 godz. 19.00<br \/>\n8 marca 2018 r. (czwartek) \u2013 godz. 19.00<br \/>\n9 marca 2018 r. (pi\u0105tek) \u2013 godz. 18.30<br \/>\n10 marca 2018 r. (sobota) \u2013 godz. 19.00<br \/>\n14 marca 2018 r. (\u015broda) \u2013 godz. 19.00<br \/>\nNatomiast katecheza przedma\u0142\u017ce\u0144ska w j. norweskim rozpoczyna si\u0119 pod koniec stycznia. Je\u015bli kto\u015b planuje ma\u0142\u017ce\u0144stwo z osob\u0105 norweskoj\u0119zyczn\u0105 to wi\u0119cej szczeg\u00f3\u0142\u00f3w na ten temat mo\u017cna uzyska\u0107 w biurze parafialnym.<\/p>\n<p style=\"text-align: justify;\"><strong>3.<\/strong> Nowoprzyby\u0142ym do Norwegii przypominamy o zarejestrowaniu si\u0119 w Ko\u015bciele katolickim. Formularze s\u0105 do odebrania przy wyj\u015bciu z ko\u015bcio\u0142a. Mo\u017cna to tak\u017ce uczyni\u0107 przez stron\u0119 diecezji, wype\u0142niaj\u0105c elektroniczny formularz umieszczony pod tym <a href=\"https:\/\/www.katolsk.no\/services\/registrering\/?lk=pl\">linkiem<\/a>.<\/p>\n<p style=\"text-align: justify;\"><strong>4.<\/strong> Od 11.10 do 19.10.2018 r. parafia planuje pielgrzymk\u0119 do Ziemi \u015awi\u0119tej. Jest to pielgrzymka dla ca\u0142ej parafii st\u0105d przewodnik b\u0119dzie oprowadza\u0142 w j. angielskim. Ca\u0142kowity koszt wynosi ok. 15.000 kr. Osoby zainteresowane musz\u0105 si\u0119 zapisa\u0107 w styczniu wp\u0142acaj\u0105c zaliczk\u0119 2.600 kr. Szczeg\u00f3\u0142y mo\u017cna uzyska\u0107 dzwoni\u0105c do biura parafialnego pod numer: 23681100. Rejestracja uczestnik\u00f3w pielgrzymki rozpoczyna si\u0119 w poniedzia\u0142ek 29 stycznia o godz. 14.00 poprzez stron\u0119 parafii pod tym <a href=\"http:\/\/stjohannes.oslo.katolsk.no\/pilegrimstur-til-det-hellige-land-pamelding\/\">linkiem<\/a>.<\/p>\n<p style=\"text-align: justify;\"><strong>5.<\/strong> W czwartek 15 lutego o godz. 19.00 zapraszamy na koncert Bacha w wykonaniu australijskiego pianisty. Dobrowolne ofiary sk\u0142adane przy tej okazji przekazane b\u0119d\u0105 w ca\u0142o\u015bci na fundusz ko\u015bcielny.<\/p>\n<p style=\"text-align: justify;\"><strong>6.<\/strong> \u201eB\u00f3g zap\u0142a\u0107\u201d wszystkim osobom prowadz\u0105cym i zaanga\u017cowanym w organizacj\u0119 katechez w minion\u0105 sobot\u0119.<\/p>\n<p><strong>7.<\/strong> Przypominam, \u017ce og\u0142oszenia w j. polskim umieszczane s\u0105 w gazetce niedzielnej oraz na Facebooku i na stronie naszej parafii: stjohannes.oslo.katolsk.no w zak\u0142adce \u201ePolski\u201d.<br \/>\nKs. Piotr G\u0105sior: +47 925 44 572.<\/p>\n","protected":false},"excerpt":{"rendered":"<p>1. W najbli\u017cszym tygodniu: \u2022 w poniedzia\u0142ek \u2013 o godz. 18.00 nie b\u0119dzie Mszy \u015bwi\u0119tej, lecz Liturgia S\u0142owa z Komuni\u0105 \u015awi\u0119t\u0105, gdy\u017c o tej samej godzinie kap\u0142ani b\u0119d\u0105 sprawowali Msze \u015bw. w katedrze wraz z nowym nuncjuszem \u2022 w \u015brod\u0119 \u2013 wspomnienie \u015bw. Jana Bosko \u2022 w czwartek \u2013 z racji I czwartku miesi\u0105ca pro\u015bmy [&hellip;]<\/p>\n","protected":false},"author":6,"featured_media":8009,"comment_status":"closed","ping_status":"closed","sticky":false,"template":"","format":"standard","meta":{"ocean_post_layout":"","ocean_both_sidebars_style":"","ocean_both_sidebars_content_width":0,"ocean_both_sidebars_sidebars_width":0,"ocean_sidebar":"","ocean_second_sidebar":"","ocean_disable_margins":"enable","ocean_add_body_class":"","ocean_shortcode_before_top_bar":"","ocean_shortcode_after_top_bar":"","ocean_shortcode_before_header":"","ocean_shortcode_after_header":"","ocean_has_shortcode":"","ocean_shortcode_after_title":"","ocean_shortcode_before_footer_widgets":"","ocean_shortcode_after_footer_widgets":"","ocean_shortcode_before_footer_bottom":"","ocean_shortcode_after_footer_bottom":"","ocean_display_top_bar":"default","ocean_display_header":"default","ocean_header_style":"","ocean_center_header_left_menu":"","ocean_custom_header_template":"","ocean_custom_logo":0,"ocean_custom_retina_logo":0,"ocean_custom_logo_max_width":0,"ocean_custom_logo_tablet_max_width":0,"ocean_custom_logo_mobile_max_width":0,"ocean_custom_logo_max_height":0,"ocean_custom_logo_tablet_max_height":0,"ocean_custom_logo_mobile_max_height":0,"ocean_header_custom_menu":"","ocean_menu_typo_font_family":"","ocean_menu_typo_font_subset":"","ocean_menu_typo_font_size":0,"ocean_menu_typo_font_size_tablet":0,"ocean_menu_typo_font_size_mobile":0,"ocean_menu_typo_font_size_unit":"px","ocean_menu_typo_font_weight":"","ocean_menu_typo_font_weight_tablet":"","ocean_menu_typo_font_weight_mobile":"","ocean_menu_typo_transform":"","ocean_menu_typo_transform_tablet":"","ocean_menu_typo_transform_mobile":"","ocean_menu_typo_line_height":0,"ocean_menu_typo_line_height_tablet":0,"ocean_menu_typo_line_height_mobile":0,"ocean_menu_typo_line_height_unit":"","ocean_menu_typo_spacing":0,"ocean_menu_typo_spacing_tablet":0,"ocean_menu_typo_spacing_mobile":0,"ocean_menu_typo_spacing_unit":"","ocean_menu_link_color":"","ocean_menu_link_color_hover":"","ocean_menu_link_color_active":"","ocean_menu_link_background":"","ocean_menu_link_hover_background":"","ocean_menu_link_active_background":"","ocean_menu_social_links_bg":"","ocean_menu_social_hover_links_bg":"","ocean_menu_social_links_color":"","ocean_menu_social_hover_links_color":"","ocean_disable_title":"default","ocean_disable_heading":"default","ocean_post_title":"","ocean_post_subheading":"","ocean_post_title_style":"","ocean_post_title_background_color":"","ocean_post_title_background":0,"ocean_post_title_bg_image_position":"","ocean_post_title_bg_image_attachment":"","ocean_post_title_bg_image_repeat":"","ocean_post_title_bg_image_size":"","ocean_post_title_height":0,"ocean_post_title_bg_overlay":0.5,"ocean_post_title_bg_overlay_color":"","ocean_disable_breadcrumbs":"default","ocean_breadcrumbs_color":"","ocean_breadcrumbs_separator_color":"","ocean_breadcrumbs_links_color":"","ocean_breadcrumbs_links_hover_color":"","ocean_display_footer_widgets":"default","ocean_display_footer_bottom":"default","ocean_custom_footer_template":"","ocean_post_oembed":"","ocean_post_self_hosted_media":"","ocean_post_video_embed":"","ocean_link_format":"","ocean_link_format_target":"self","ocean_quote_format":"","ocean_quote_format_link":"post","ocean_gallery_link_images":"on","ocean_gallery_id":[],"footnotes":""},"categories":[7],"tags":[],"class_list":["post-10731","post","type-post","status-publish","format-standard","has-post-thumbnail","hentry","category-polski","entry","has-media"],"_links":{"self":[{"href":"https:\/\/www.stjohannes.no\/index.php?rest_route=\/wp\/v2\/posts\/10731","targetHints":{"allow":["GET"]}}],"collection":[{"href":"https:\/\/www.stjohannes.no\/index.php?rest_route=\/wp\/v2\/posts"}],"about":[{"href":"https:\/\/www.stjohannes.no\/index.php?rest_route=\/wp\/v2\/types\/post"}],"author":[{"embeddable":true,"href":"https:\/\/www.stjohannes.no\/index.php?rest_route=\/wp\/v2\/users\/6"}],"replies":[{"embeddable":true,"href":"https:\/\/www.stjohannes.no\/index.php?rest_route=%2Fwp%2Fv2%2Fcomments&post=10731"}],"version-history":[{"count":0,"href":"https:\/\/www.stjohannes.no\/index.php?rest_route=\/wp\/v2\/posts\/10731\/revisions"}],"wp:featuredmedia":[{"embeddable":true,"href":"https:\/\/www.stjohannes.no\/index.php?rest_route=\/"}],"wp:attachment":[{"href":"https:\/\/www.stjohannes.no\/index.php?rest_route=%2Fwp%2Fv2%2Fmedia&parent=10731"}],"wp:term":[{"taxonomy":"category","embeddable":true,"href":"https:\/\/www.stjohannes.no\/index.php?rest_route=%2Fwp%2Fv2%2Fcategories&post=10731"},{"taxonomy":"post_tag","embeddable":true,"href":"https:\/\/www.stjohannes.no\/index.php?rest_route=%2Fwp%2Fv2%2Ftags&post=10731"}],"curies":[{"name":"wp","href":"https:\/\/api.w.org\/{rel}","templated":true}]}}