{"id":10311,"date":"2017-12-04T10:46:25","date_gmt":"2017-12-04T09:46:25","guid":{"rendered":"http:\/\/stjohannes.oslo.katolsk.no\/?p=10311"},"modified":"2017-12-04T10:46:25","modified_gmt":"2017-12-04T09:46:25","slug":"ogloszenia-z-3-grudnia-2017-r","status":"publish","type":"post","link":"https:\/\/www.stjohannes.no\/?p=10311","title":{"rendered":"Og\u0142oszenia z 3 grudnia 2017 r."},"content":{"rendered":"<p style=\"text-align: justify;\"><strong>1.<\/strong> Rozpoczynamy dzi\u015b czas adwentowych rekolekcji. Dzi\u0119kujemy o. Janowi za g\u0142oszone s\u0142owo Bo\u017ce. W poniedzia\u0142ek i w \u015brod\u0119 Msza \u015bw. w j. polskim z kazaniem rekolekcyjnym o godz. 19.00. Natomiast we wtorek nie b\u0119dzie Mszy \u015bw. w j. polskim. Tu\u017c po Mszy \u015bw. w j. norweskim, czyli o godz. 18.30 b\u0119dzie nabo\u017ce\u0144stwo pokutne z kazaniem i spowied\u017a rekolekcyjna. Porz\u0105dek rekolekcji jest umieszczony na stronie parafii pod tym <a href=\"http:\/\/stjohannes.oslo.katolsk.no\/program-rekolekcji-adwentowych\/\">linkiem<\/a>. W \u015brod\u0119 na zako\u0144czenie rekolekcji w ramach sk\u0142adki naszymi ofiarami wyra\u017amy wdzi\u0119czno\u015b\u0107 za wyg\u0142oszone rekolekcje o. Janowi.<br \/>\nZa tydzie\u0144 b\u0119dzie mo\u017cna odebra\u0107 pob\u0142ogos\u0142awione op\u0142atki. Ofiary s\u0105 dowolne i przeznaczamy je na potrzeby naszej parafii.<\/p>\n<p style=\"text-align: justify;\"><strong>2.<\/strong> W najbli\u017cszym tygodniu:<br \/>\n\u2022 <span style=\"text-decoration: underline;\">w czwartek<\/span> \u2013 wspomnienie \u015bw. Ambro\u017cego<br \/>\n\u2022 <span style=\"text-decoration: underline;\">w pi\u0105tek<\/span> \u2013 Uroczysto\u015b\u0107 Niepokalanego Pocz\u0119cia NMP. W tym dniu z tej racji, \u017ce w liturgii jest uroczysto\u015b\u0107, kt\u00f3ra znosi post, nie obowi\u0105zuje wstrzemi\u0119\u017aliwo\u015b\u0107 od pokarm\u00f3w mi\u0119snych. Msza \u015bw. w j. polskim o godz. 19.00<br \/>\n\u2022 <span style=\"text-decoration: underline;\">w sobot\u0119<\/span> \u2013 od godz. 10.00 koleje katechezy dla polskiej grupy<br \/>\n\u2022 <span style=\"text-decoration: underline;\">w przysz\u0142\u0105 niedziel\u0119<\/span> \u2013 Msza \u015bw. w j. polskim o godz. 9.00 oraz o godz. 13.00. Ponadto w niedziele Msze \u015bwi\u0119te o godz. 11.00 w j. norweskim, o godz. 15.00 w j. angielskim, o godz. 17.30 w j. tamilskim i o godz. 19.30 w j. hiszpa\u0144skim. W czasie Mszy \u015bwi\u0119tej o godz. 13.00 odb\u0119dzie si\u0119 po\u015bwi\u0119cenie ksi\u0105\u017ceczek dzieciom, kt\u00f3re w tym roku przyst\u0105pi\u0105 do I Komunii \u015awi\u0119tej.<\/p>\n<p style=\"text-align: justify;\">Natomiast Msze \u015bwi\u0119te w dni powszednie o godz. 18.00.<br \/>\nW sobot\u0119 o tej godzinie sprawowana jest w j. norweskim Msza \u015bwi\u0119ta z niedzieli.<\/p>\n<p><strong>3.<\/strong> W czasie Adwentu Msze \u015bwi\u0119te roratnie w j. norweskim b\u0119d\u0105 si\u0119 odbywa\u0142y w czwartki rano o godz. 7.00, a w j. polskim w pi\u0105tki o godz. 19.00. Wyj\u0105tkiem jest najbli\u017cszy pi\u0105tek, bo wypada Uroczysto\u015b\u0107 Niepokalanego Pocz\u0119cia NMP, kt\u00f3ra w liturgii ma pierwsze\u0144stwo przed Msz\u0105 roratni\u0105.<\/p>\n<p style=\"text-align: justify;\"><strong>4.<\/strong> Osoby pragn\u0105ce przyj\u0105\u0107 ksi\u0119dza w ramach odwiedzin duszpasterskich zwanych kol\u0119d\u0105, proszone s\u0105 o wpisanie si\u0119 na listy znajduj\u0105ce si\u0119 w zakrystii oraz na stoliku w tylnej cz\u0119\u015bci ko\u015bcio\u0142a.<br \/>\nJe\u015bli kto\u015b mo\u017ce przyj\u0105\u0107 w godzinach przedpo\u0142udniowych to bardzo prosz\u0119 o zaznaczenie tej informacji w uwagach. Je\u015bli kto\u015b wyje\u017cd\u017ca do Polski na Bo\u017ce Narodzenie i chcia\u0142by odwiedzin duszpasterskich po powrocie, to prosz\u0119 tak\u017ce zapisa\u0107 si\u0119 przed wyjazdem i zaznaczy\u0107 od kiedy jest mo\u017cliwa kol\u0119da. To bardzo u\u0142atwi organizacj\u0119 odwiedzin duszpasterskich.<\/p>\n<p style=\"text-align: justify;\"><strong>5.<\/strong> W najbli\u017cszym czasie:<br \/>\n&#8211; 8 grudnia po wieczornej Mszy \u015bw. w j. norweskim Rada parafialna zaprasza ca\u0142\u0105 parafi\u0119 na coroczne spotkanie.<br \/>\n&#8211; 9 grudnia od godz. 14.00 do godz. 18.00 w szkole \u015bw. Sunnity w ramach tegorocznej Akcji Adwentowej odb\u0119d\u0105 si\u0119 wyst\u0119py r\u00f3\u017cnych zespo\u0142\u00f3w, kt\u00f3re zaprezentuj\u0105 swoje talenty.<br \/>\nW imieniu organizator\u00f3w serdecznie zapraszamy<br \/>\n&#8211; 14 grudnia od godz.18.30 odb\u0119dzie si\u0119 w naszej parafii przed\u015bwi\u0105teczny koncert z udzia\u0142em ch\u00f3ru dzieci\u0119cego i m\u0142odzie\u017cowego. Wszystkich serdecznie zapraszamy<br \/>\n&#8211; 6 stycznia (w \u015awi\u0119to trzech Kr\u00f3li) parafia zaprasza dzieci z rodzicami na \u015bwi\u0119towanie tego dnia od godz. 14.00 do godz. 16.30. Rodzice chc\u0105cy wzi\u0105\u0107 udzia\u0142 ze swoimi dzie\u0107mi w tym programie proszeni s\u0105 o zapis. Mo\u017cna to uczyni\u0107 przez stron\u0119 internetow\u0105 parafii.<\/p>\n<p style=\"text-align: justify;\"><strong>6.<\/strong> Po Mszy \u015bw. zapraszamy na spotkanie przy kawie, kt\u00f3re wyj\u0105tkowo chce zorganizowa\u0107 m\u0142odzie\u017c naszej parafii.<br \/>\nKupuj\u0105c kaw\u0119 czy ciasto wspieramy w ten spos\u00f3b inicjatywy, kt\u00f3re w naszej parafii podejmuje m\u0142odzie\u017c. Przypominamy, \u017ce nasza polska wsp\u00f3lnota przygotowuje te spotkania w 3 niedziele miesi\u0105ca.<\/p>\n<p style=\"text-align: justify;\"><strong>7.<\/strong> W ramach Akcji Adwentowej przy wyj\u015bciu z ko\u015bcio\u0142a ofiarami do puszek wspieramy w tym roku osoby potrzebuj\u0105ce na Sri Lance. &laquo;B\u00f3g zap\u0142a\u0107&raquo; za ka\u017cd\u0105 ofiar\u0119 na ten cel.<\/p>\n<p style=\"text-align: justify;\"><b>8<\/b><strong>.<\/strong> Przypominam, \u017ce og\u0142oszenia w j. polskim umieszczane s\u0105 na bie\u017c\u0105co zar\u00f3wno na Facebooku, jak i na stronie naszej parafii: stjohannes.oslo.katolsk.no w zak\u0142adce \u201ePolski\u201d.<\/p>\n<p>&nbsp;<\/p>\n","protected":false},"excerpt":{"rendered":"<p>1. Rozpoczynamy dzi\u015b czas adwentowych rekolekcji. Dzi\u0119kujemy o. Janowi za g\u0142oszone s\u0142owo Bo\u017ce. W poniedzia\u0142ek i w \u015brod\u0119 Msza \u015bw. w j. polskim z kazaniem rekolekcyjnym o godz. 19.00. Natomiast we wtorek nie b\u0119dzie Mszy \u015bw. w j. polskim. Tu\u017c po Mszy \u015bw. w j. norweskim, czyli o godz. 18.30 b\u0119dzie nabo\u017ce\u0144stwo pokutne z kazaniem [&hellip;]<\/p>\n","protected":false},"author":6,"featured_media":8009,"comment_status":"closed","ping_status":"closed","sticky":false,"template":"","format":"standard","meta":{"ocean_post_layout":"","ocean_both_sidebars_style":"","ocean_both_sidebars_content_width":0,"ocean_both_sidebars_sidebars_width":0,"ocean_sidebar":"","ocean_second_sidebar":"","ocean_disable_margins":"enable","ocean_add_body_class":"","ocean_shortcode_before_top_bar":"","ocean_shortcode_after_top_bar":"","ocean_shortcode_before_header":"","ocean_shortcode_after_header":"","ocean_has_shortcode":"","ocean_shortcode_after_title":"","ocean_shortcode_before_footer_widgets":"","ocean_shortcode_after_footer_widgets":"","ocean_shortcode_before_footer_bottom":"","ocean_shortcode_after_footer_bottom":"","ocean_display_top_bar":"default","ocean_display_header":"default","ocean_header_style":"","ocean_center_header_left_menu":"","ocean_custom_header_template":"","ocean_custom_logo":0,"ocean_custom_retina_logo":0,"ocean_custom_logo_max_width":0,"ocean_custom_logo_tablet_max_width":0,"ocean_custom_logo_mobile_max_width":0,"ocean_custom_logo_max_height":0,"ocean_custom_logo_tablet_max_height":0,"ocean_custom_logo_mobile_max_height":0,"ocean_header_custom_menu":"","ocean_menu_typo_font_family":"","ocean_menu_typo_font_subset":"","ocean_menu_typo_font_size":0,"ocean_menu_typo_font_size_tablet":0,"ocean_menu_typo_font_size_mobile":0,"ocean_menu_typo_font_size_unit":"px","ocean_menu_typo_font_weight":"","ocean_menu_typo_font_weight_tablet":"","ocean_menu_typo_font_weight_mobile":"","ocean_menu_typo_transform":"","ocean_menu_typo_transform_tablet":"","ocean_menu_typo_transform_mobile":"","ocean_menu_typo_line_height":0,"ocean_menu_typo_line_height_tablet":0,"ocean_menu_typo_line_height_mobile":0,"ocean_menu_typo_line_height_unit":"","ocean_menu_typo_spacing":0,"ocean_menu_typo_spacing_tablet":0,"ocean_menu_typo_spacing_mobile":0,"ocean_menu_typo_spacing_unit":"","ocean_menu_link_color":"","ocean_menu_link_color_hover":"","ocean_menu_link_color_active":"","ocean_menu_link_background":"","ocean_menu_link_hover_background":"","ocean_menu_link_active_background":"","ocean_menu_social_links_bg":"","ocean_menu_social_hover_links_bg":"","ocean_menu_social_links_color":"","ocean_menu_social_hover_links_color":"","ocean_disable_title":"default","ocean_disable_heading":"default","ocean_post_title":"","ocean_post_subheading":"","ocean_post_title_style":"","ocean_post_title_background_color":"","ocean_post_title_background":0,"ocean_post_title_bg_image_position":"","ocean_post_title_bg_image_attachment":"","ocean_post_title_bg_image_repeat":"","ocean_post_title_bg_image_size":"","ocean_post_title_height":0,"ocean_post_title_bg_overlay":0.5,"ocean_post_title_bg_overlay_color":"","ocean_disable_breadcrumbs":"default","ocean_breadcrumbs_color":"","ocean_breadcrumbs_separator_color":"","ocean_breadcrumbs_links_color":"","ocean_breadcrumbs_links_hover_color":"","ocean_display_footer_widgets":"default","ocean_display_footer_bottom":"default","ocean_custom_footer_template":"","ocean_post_oembed":"","ocean_post_self_hosted_media":"","ocean_post_video_embed":"","ocean_link_format":"","ocean_link_format_target":"self","ocean_quote_format":"","ocean_quote_format_link":"post","ocean_gallery_link_images":"on","ocean_gallery_id":[],"footnotes":""},"categories":[7],"tags":[],"class_list":["post-10311","post","type-post","status-publish","format-standard","has-post-thumbnail","hentry","category-polski","entry","has-media"],"_links":{"self":[{"href":"https:\/\/www.stjohannes.no\/index.php?rest_route=\/wp\/v2\/posts\/10311","targetHints":{"allow":["GET"]}}],"collection":[{"href":"https:\/\/www.stjohannes.no\/index.php?rest_route=\/wp\/v2\/posts"}],"about":[{"href":"https:\/\/www.stjohannes.no\/index.php?rest_route=\/wp\/v2\/types\/post"}],"author":[{"embeddable":true,"href":"https:\/\/www.stjohannes.no\/index.php?rest_route=\/wp\/v2\/users\/6"}],"replies":[{"embeddable":true,"href":"https:\/\/www.stjohannes.no\/index.php?rest_route=%2Fwp%2Fv2%2Fcomments&post=10311"}],"version-history":[{"count":0,"href":"https:\/\/www.stjohannes.no\/index.php?rest_route=\/wp\/v2\/posts\/10311\/revisions"}],"wp:featuredmedia":[{"embeddable":true,"href":"https:\/\/www.stjohannes.no\/index.php?rest_route=\/"}],"wp:attachment":[{"href":"https:\/\/www.stjohannes.no\/index.php?rest_route=%2Fwp%2Fv2%2Fmedia&parent=10311"}],"wp:term":[{"taxonomy":"category","embeddable":true,"href":"https:\/\/www.stjohannes.no\/index.php?rest_route=%2Fwp%2Fv2%2Fcategories&post=10311"},{"taxonomy":"post_tag","embeddable":true,"href":"https:\/\/www.stjohannes.no\/index.php?rest_route=%2Fwp%2Fv2%2Ftags&post=10311"}],"curies":[{"name":"wp","href":"https:\/\/api.w.org\/{rel}","templated":true}]}}