{"id":10249,"date":"2017-11-27T16:29:20","date_gmt":"2017-11-27T15:29:20","guid":{"rendered":"http:\/\/stjohannes.oslo.katolsk.no\/?p=10249"},"modified":"2017-11-27T16:29:20","modified_gmt":"2017-11-27T15:29:20","slug":"ogloszenia-z-26-listopada-2017-r","status":"publish","type":"post","link":"https:\/\/www.stjohannes.no\/?p=10249","title":{"rendered":"Og\u0142oszenia z 26 listopada 2017 r."},"content":{"rendered":"<p style=\"text-align: justify;\"><strong>1.<\/strong> Prze\u017cywaj\u0105c dzi\u015b Niedziel\u0119 Jezusa Chrystusa Kr\u00f3la Wszech\u015bwiata, chcemy w \u0142\u0105czno\u015bci z Ko\u015bcio\u0142em w Polsce, odnowi\u0107 ubieg\u0142oroczny Jubileuszowy Akt Przyj\u0119cia Jezusa Chrystusa za Kr\u00f3la i Pana.<\/p>\n<p style=\"text-align: justify;\"><strong>2.<\/strong> Sk\u0142adam serdeczne \u201eB\u00f3g zap\u0142a\u0107\u201d za udzia\u0142 w \u201eWypominkach\u201d w minionym tygodniu oraz za organizacj\u0119 i prowadzenie kolejnych spotka\u0144 katechetycznych.<\/p>\n<p><strong>3. <\/strong>W najbli\u017cszym tygodniu:<br \/>\n\u2022 <span style=\"text-decoration: underline;\">w czwartek<\/span> \u2013 \u015bwi\u0119to \u015bw. Andrzeja, Aposto\u0142a<br \/>\n\u2022 <span style=\"text-decoration: underline;\">w pi\u0105tek<\/span> \u2013 z racji I pi\u0105tku modlimy si\u0119 za misje \u015bwi\u0119te i wynagradzamy Naj\u015bwi\u0119tszemu Sercu Jezusa. Od godz. 17.30 mo\u017cliwo\u015b\u0107 spowiedzi, a o godz. 19.00 Msza \u015bw. w j. polskim<br \/>\n\u2022 <span style=\"text-decoration: underline;\">w sobot\u0119<\/span> \u2013 I sobota miesi\u0105ca st\u0105d zach\u0119camy do praktykowania nabo\u017ce\u0144stwa pi\u0119ciu pierwszych sob\u00f3t miesi\u0105ca<br \/>\n\u2022 <span style=\"text-decoration: underline;\">w przysz\u0142\u0105 niedziel\u0119<\/span> \u2013 Msza \u015bw. w j. polskim o godz. <strong>9.00<\/strong> oraz o godz. <strong>13.00<\/strong>. Ponadto w niedziele Msze \u015bwi\u0119te o godz. <strong>11.00<\/strong> w j. norweskim, o godz. 15.00 w j. angielskim, o godz. 17.30 w j. tamilskim i o godz. 19.30 w j. hiszpa\u0144skim.<\/p>\n<p>Natomiast Msze \u015bwi\u0119te w dni powszednie o godz. 18.00. W sobot\u0119 o tej godzinie sprawowana jest w j. norweskim Msza \u015bwi\u0119ta z niedzieli.<\/p>\n<p style=\"text-align: justify;\"><strong>4.<\/strong> Osoby pragn\u0105ce przyj\u0105\u0107 Maryj\u0119 w znaku figury do swojego mieszkania oraz osoby pragn\u0105ce nale\u017ce\u0107 do R\u00f3\u017cy r\u00f3\u017ca\u0144cowej prosz\u0119 o dokonanie zapisu w zakrystii lub telefonicznie (ks. Piotr: +47 925 44 572).<\/p>\n<p style=\"text-align: justify;\"><strong>5.<\/strong> Ju\u017c za tydzie\u0144 Adwent. Jest to szczeg\u00f3lny czas w Ko\u015bciele, st\u0105d chcemy go rozpocz\u0105\u0107 rekolekcjami. W naszej polskiej wsp\u00f3lnocie te rekolekcje b\u0119dziemy prze\u017cywa\u0107 od najbli\u017cszej niedzieli do \u015brody. Poprowadzi je ceniony rekolekcjonista o. Jan Wr\u00f3blewski SVD.<br \/>\n<span style=\"color: #000000;\"><strong>Szczeg\u00f3\u0142owy plan rekolekcji z o. Janem Wr\u00f3blewskim jest nast\u0119puj\u0105cy<\/strong>:<\/span><br \/>\n\uf0d8 <span style=\"color: #ff00ff;\">Niedziela \u2013 03.12.2017<span style=\"color: #000000;\"> (<\/span><\/span>Godz. <strong>9.00<\/strong> i godz. <strong>13.00<\/strong> Msza \u015bw. z kazaniem rekolekcyjnym dla wszystkich)<br \/>\n<span style=\"color: #ff00ff;\">\uf0d8 Poniedzia\u0142ek \u2013 04.12.2017 <\/span>(Godz. <strong>19.00<\/strong> Msza \u015bw. z kazaniem rekolekcyjnym dla wszystkich)<br \/>\n\uf0d8 <span style=\"color: #ff00ff;\">Wtorek \u2013 05.12.2017 <\/span>(Godz. <strong>18.30<\/strong> Nabo\u017ce\u0144stwo pokutne z kazaniem i mo\u017cliwo\u015b\u0107 Spowiedzi)<br \/>\n\uf0d8 <span style=\"color: #ff00ff;\">\u015aroda \u2013 06.12.2017 <\/span>(Godz. <strong>19.00<\/strong> Msza \u015bw. z kazaniem rekolekcyjnym dla wszystkich).<\/p>\n<p style=\"text-align: justify;\">Przy tej okazji chcemy poinformowa\u0107, \u017ce w czasie Adwentu Msze \u015bwi\u0119te roratnie w j. norweskim b\u0119d\u0105 si\u0119 odbywa\u0142y w czwartki rano o godz. 7.00, a w j. polskim w pi\u0105tki o godz. 19.00.<\/p>\n<p style=\"text-align: justify;\"><strong>6.<\/strong> Za tydzie\u0144 po Mszy \u015bwi\u0119tej o godz. 9.00 zapraszamy na spotkanie przy kawie, kt\u00f3re wyj\u0105tkowo chce zorganizowa\u0107 m\u0142odzie\u017c naszej parafii. Kupuj\u0105c kaw\u0119 czy ciasto wspieramy w ten spos\u00f3b inicjatywy, kt\u00f3re w naszej parafii podejmuje m\u0142odzie\u017c. Przypominamy, \u017ce nasza polska wsp\u00f3lnota przygotowuje te spotkania w 3 niedziele miesi\u0105ca.<\/p>\n<p style=\"text-align: justify;\"><strong>7.<\/strong> W najbli\u017cszym czasie:<br \/>\n&#8211; 8 grudnia po wieczornej Mszy \u015bw. w j. norweskim Rada parafialna zaprasza ca\u0142\u0105 parafi\u0119 na coroczne spotkanie.<br \/>\n&#8211; 9 grudnia od godz. 14.00 do godz. 18.00 w szkole \u015bw. Sunnivy w ramach tegorocznej Akcji Adwentowej odb\u0119d\u0105 si\u0119 wyst\u0119py r\u00f3\u017cnych zespo\u0142\u00f3w, kt\u00f3re zaprezentuj\u0105 swoje talenty. Przy tej okazji odb\u0119dzie si\u0119 zbi\u00f3rka dla potrzebuj\u0105cych na Sri Lance. W imieniu organizator\u00f3w serdecznie zapraszamy.<br \/>\n&#8211; 14 grudnia od godz.18.30 odb\u0119dzie si\u0119 w naszej parafii przed\u015bwi\u0105teczny koncert z udzia\u0142em ch\u00f3ru dzieci\u0119cego i m\u0142odzie\u017cowego. Wszystkich serdecznie zapraszamy.<\/p>\n<p style=\"text-align: justify;\"><strong>8.<\/strong> Przypominam, \u017ce og\u0142oszenia w j. polskim umieszczane s\u0105 tak\u017ce na bie\u017c\u0105co zar\u00f3wno na Facebooku, jak i na stronie naszej parafii: stjohannes.oslo.katolsk.no w zak\u0142adce \u201ePolski\u201d.<\/p>\n<p>&nbsp;<\/p>\n","protected":false},"excerpt":{"rendered":"<p>1. Prze\u017cywaj\u0105c dzi\u015b Niedziel\u0119 Jezusa Chrystusa Kr\u00f3la Wszech\u015bwiata, chcemy w \u0142\u0105czno\u015bci z Ko\u015bcio\u0142em w Polsce, odnowi\u0107 ubieg\u0142oroczny Jubileuszowy Akt Przyj\u0119cia Jezusa Chrystusa za Kr\u00f3la i Pana. 2. Sk\u0142adam serdeczne \u201eB\u00f3g zap\u0142a\u0107\u201d za udzia\u0142 w \u201eWypominkach\u201d w minionym tygodniu oraz za organizacj\u0119 i prowadzenie kolejnych spotka\u0144 katechetycznych. 3. W najbli\u017cszym tygodniu: \u2022 w czwartek \u2013 \u015bwi\u0119to [&hellip;]<\/p>\n","protected":false},"author":6,"featured_media":8009,"comment_status":"closed","ping_status":"closed","sticky":false,"template":"","format":"standard","meta":{"ocean_post_layout":"","ocean_both_sidebars_style":"","ocean_both_sidebars_content_width":0,"ocean_both_sidebars_sidebars_width":0,"ocean_sidebar":"","ocean_second_sidebar":"","ocean_disable_margins":"enable","ocean_add_body_class":"","ocean_shortcode_before_top_bar":"","ocean_shortcode_after_top_bar":"","ocean_shortcode_before_header":"","ocean_shortcode_after_header":"","ocean_has_shortcode":"","ocean_shortcode_after_title":"","ocean_shortcode_before_footer_widgets":"","ocean_shortcode_after_footer_widgets":"","ocean_shortcode_before_footer_bottom":"","ocean_shortcode_after_footer_bottom":"","ocean_display_top_bar":"default","ocean_display_header":"default","ocean_header_style":"","ocean_center_header_left_menu":"","ocean_custom_header_template":"","ocean_custom_logo":0,"ocean_custom_retina_logo":0,"ocean_custom_logo_max_width":0,"ocean_custom_logo_tablet_max_width":0,"ocean_custom_logo_mobile_max_width":0,"ocean_custom_logo_max_height":0,"ocean_custom_logo_tablet_max_height":0,"ocean_custom_logo_mobile_max_height":0,"ocean_header_custom_menu":"","ocean_menu_typo_font_family":"","ocean_menu_typo_font_subset":"","ocean_menu_typo_font_size":0,"ocean_menu_typo_font_size_tablet":0,"ocean_menu_typo_font_size_mobile":0,"ocean_menu_typo_font_size_unit":"px","ocean_menu_typo_font_weight":"","ocean_menu_typo_font_weight_tablet":"","ocean_menu_typo_font_weight_mobile":"","ocean_menu_typo_transform":"","ocean_menu_typo_transform_tablet":"","ocean_menu_typo_transform_mobile":"","ocean_menu_typo_line_height":0,"ocean_menu_typo_line_height_tablet":0,"ocean_menu_typo_line_height_mobile":0,"ocean_menu_typo_line_height_unit":"","ocean_menu_typo_spacing":0,"ocean_menu_typo_spacing_tablet":0,"ocean_menu_typo_spacing_mobile":0,"ocean_menu_typo_spacing_unit":"","ocean_menu_link_color":"","ocean_menu_link_color_hover":"","ocean_menu_link_color_active":"","ocean_menu_link_background":"","ocean_menu_link_hover_background":"","ocean_menu_link_active_background":"","ocean_menu_social_links_bg":"","ocean_menu_social_hover_links_bg":"","ocean_menu_social_links_color":"","ocean_menu_social_hover_links_color":"","ocean_disable_title":"default","ocean_disable_heading":"default","ocean_post_title":"","ocean_post_subheading":"","ocean_post_title_style":"","ocean_post_title_background_color":"","ocean_post_title_background":0,"ocean_post_title_bg_image_position":"","ocean_post_title_bg_image_attachment":"","ocean_post_title_bg_image_repeat":"","ocean_post_title_bg_image_size":"","ocean_post_title_height":0,"ocean_post_title_bg_overlay":0.5,"ocean_post_title_bg_overlay_color":"","ocean_disable_breadcrumbs":"default","ocean_breadcrumbs_color":"","ocean_breadcrumbs_separator_color":"","ocean_breadcrumbs_links_color":"","ocean_breadcrumbs_links_hover_color":"","ocean_display_footer_widgets":"default","ocean_display_footer_bottom":"default","ocean_custom_footer_template":"","ocean_post_oembed":"","ocean_post_self_hosted_media":"","ocean_post_video_embed":"","ocean_link_format":"","ocean_link_format_target":"self","ocean_quote_format":"","ocean_quote_format_link":"post","ocean_gallery_link_images":"on","ocean_gallery_id":[],"footnotes":""},"categories":[7],"tags":[],"class_list":["post-10249","post","type-post","status-publish","format-standard","has-post-thumbnail","hentry","category-polski","entry","has-media"],"_links":{"self":[{"href":"https:\/\/www.stjohannes.no\/index.php?rest_route=\/wp\/v2\/posts\/10249","targetHints":{"allow":["GET"]}}],"collection":[{"href":"https:\/\/www.stjohannes.no\/index.php?rest_route=\/wp\/v2\/posts"}],"about":[{"href":"https:\/\/www.stjohannes.no\/index.php?rest_route=\/wp\/v2\/types\/post"}],"author":[{"embeddable":true,"href":"https:\/\/www.stjohannes.no\/index.php?rest_route=\/wp\/v2\/users\/6"}],"replies":[{"embeddable":true,"href":"https:\/\/www.stjohannes.no\/index.php?rest_route=%2Fwp%2Fv2%2Fcomments&post=10249"}],"version-history":[{"count":0,"href":"https:\/\/www.stjohannes.no\/index.php?rest_route=\/wp\/v2\/posts\/10249\/revisions"}],"wp:featuredmedia":[{"embeddable":true,"href":"https:\/\/www.stjohannes.no\/index.php?rest_route=\/"}],"wp:attachment":[{"href":"https:\/\/www.stjohannes.no\/index.php?rest_route=%2Fwp%2Fv2%2Fmedia&parent=10249"}],"wp:term":[{"taxonomy":"category","embeddable":true,"href":"https:\/\/www.stjohannes.no\/index.php?rest_route=%2Fwp%2Fv2%2Fcategories&post=10249"},{"taxonomy":"post_tag","embeddable":true,"href":"https:\/\/www.stjohannes.no\/index.php?rest_route=%2Fwp%2Fv2%2Ftags&post=10249"}],"curies":[{"name":"wp","href":"https:\/\/api.w.org\/{rel}","templated":true}]}}