{"id":10170,"date":"2017-11-06T22:18:25","date_gmt":"2017-11-06T21:18:25","guid":{"rendered":"http:\/\/stjohannes.oslo.katolsk.no\/?p=10170"},"modified":"2017-11-06T22:18:25","modified_gmt":"2017-11-06T21:18:25","slug":"ogloszenia-z-5-listopada-2017-r","status":"publish","type":"post","link":"https:\/\/www.stjohannes.no\/?p=10170","title":{"rendered":"Og\u0142oszenia z 5 listopada 2017 r."},"content":{"rendered":"<p style=\"text-align: justify;\"><strong>1.<\/strong> Sk\u0142adamy serdeczne \u201eB\u00f3g zap\u0142a\u0107\u201d za udzia\u0142 w \u201eWypominkach\u201d w minionym tygodniu. Przypominamy, \u017ce \u201eWypominki\u201d z Koronk\u0105 do Bo\u017cego Mi\u0142osierdzia odmawiamy we wszystkie pi\u0105tki listopada po Mszy \u015bw. w j. polskim (godz.19.00) oraz we wszystkie niedziele listopada 20 minut przed Mszami \u015bwi\u0119tymi w j. polskim (godz. 9.00 i godz.13.00), z wyj\u0105tkiem dzisiejszej niedzieli, gdy\u017c dzi\u015b \u201eWypominki\u201d b\u0119d\u0105 w czasie procesji na cmentarzu ok. godz. 14.15.<\/p>\n<p><strong>2.<\/strong> W najbli\u017cszym tygodniu:<\/p>\n<ul>\n<li><u>w czwartek<\/u> \u2013 \u015bwi\u0119to Rocznicy po\u015bwi\u0119cenia Bazyliki Latera\u0144skiej<\/li>\n<li style=\"text-align: justify;\"><u>w pi\u0105tek<\/u> \u2013 wspomnienie \u015bw. Leona Wielkiego. W tym dniu od. godz. 18.30 mo\u017cliwo\u015b\u0107 spowiedzi w j. polskim. O godz. 19.00 Msza \u015bw. w j. polskim, a po niej Koronka do Bo\u017cego Mi\u0142osierdzia z \u201eWypominkami\u201d<\/li>\n<li style=\"text-align: justify;\"><u>w sobot\u0119<\/u> \u2013 wspomnienie \u015bw. Marcina z Tours. W tym dniu obchodzimy 99 rocznic\u0119 odzyskania niepodleg\u0142o\u015bci przez nasz\u0105 ojczyzn\u0119. Z okazji narodowego \u015bwi\u0119ta zapraszamy na Msz\u0119 \u015bw. w intencji ojczyzny na godz. <strong>19.30<\/strong>. B\u0119dzie to r\u00f3wnocze\u015bnie Msza \u015bwi\u0119ta z niedzieli<\/li>\n<li style=\"text-align: justify;\"><u>w przysz\u0142\u0105 niedziel\u0119<\/u> \u2013 Msza \u015bw. w j. polskim o godz.<strong> 9.00 <\/strong>i o godz.<strong> 13.00. <\/strong>Ponadto w niedziele Msze \u015bwi\u0119te o godz. <strong>11.00<\/strong> w j. norweskim, o godz. 15.00 w j. angielskim, o godz. 17.30 w j. tamilskim i o godz. 19.00 w j. hiszpa\u0144skim. Natomiast Msze \u015bwi\u0119te w dni powszednie o godz. 18.00. W sobot\u0119 o tej godzinie sprawowana jest w j. norweskim Msza \u015bwi\u0119ta z niedzieli.<\/li>\n<\/ul>\n<p style=\"text-align: justify;\"><strong>3.<\/strong> Rodzic\u00f3w dzieci urodzonych w 2013 r., kt\u00f3rzy chcieliby otrzyma\u0107 Bibli\u0119 dla dzieci w j. norweskim prosimy o dokonanie zapisu przez stron\u0119 internetow\u0105 parafii: stjohannes.oslo.katolsk.no (formularz rejestracyjny mo\u017cna znale\u017a\u0107 w tytule: <a href=\"https:\/\/docs.google.com\/forms\/d\/e\/1FAIpQLSfeNqur81NuC185L5dTImS2_ktyVecnNB-CmKEQ2lxDSHvyiw\/viewform\">Utdeling av barnebibel 19. november<\/a>). Wr\u0119czenie Biblii odb\u0119dzie si\u0119 19 listopada w czasie Mszy \u015bw. niedzielnej w j. polskim o godz. 13.00. Szczeg\u00f3\u0142y w zakrystii.<\/p>\n<p style=\"text-align: justify;\"><strong>4.<\/strong> W dniach od 17 do 19 listopada Pani psycholog Agata Rusak ze Stowarzyszenia Psycholog\u00f3w Chrze\u015bcija\u0144skich, b\u0119dzie prowadzi\u0107 w Oslo warsztaty pt. \u201eKobieta z decyzjami\u201d. Maj\u0105 one na celu pom\u00f3c paniom w podejmowaniu w\u0142a\u015bciwych, dojrza\u0142ych decyzji. Wszelkie szczeg\u00f3\u0142y na plakacie przy wyj\u015bciu z ko\u015bcio\u0142a.<\/p>\n<p style=\"text-align: justify;\"><strong>5.<\/strong> Osoby pragn\u0105ce przyj\u0105\u0107 Maryj\u0119 w znaku figury do swojego mieszkania oraz osoby pragn\u0105ce nale\u017ce\u0107 do R\u00f3\u017cy r\u00f3\u017ca\u0144cowej prosz\u0119 o dokonanie zapisu w zakrystii lub telefonicznie (ks. Piotr: +47\u00a0925 44\u00a0572).<\/p>\n<p style=\"text-align: justify;\"><strong>6.<\/strong> Przypominam, \u017ce og\u0142oszenia w j. polskim umieszczane s\u0105 tak\u017ce na bie\u017c\u0105co zar\u00f3wno na Facebooku, jak i na stronie naszej parafii: <strong>stjohannes.oslo.katolsk.no<\/strong> w zak\u0142adce: <strong>\u201ePolski\u201d.<\/strong><\/p>\n","protected":false},"excerpt":{"rendered":"<p>1. Sk\u0142adamy serdeczne \u201eB\u00f3g zap\u0142a\u0107\u201d za udzia\u0142 w \u201eWypominkach\u201d w minionym tygodniu. Przypominamy, \u017ce \u201eWypominki\u201d z Koronk\u0105 do Bo\u017cego Mi\u0142osierdzia odmawiamy we wszystkie pi\u0105tki listopada po Mszy \u015bw. w j. polskim (godz.19.00) oraz we wszystkie niedziele listopada 20 minut przed Mszami \u015bwi\u0119tymi w j. polskim (godz. 9.00 i godz.13.00), z wyj\u0105tkiem dzisiejszej niedzieli, gdy\u017c dzi\u015b [&hellip;]<\/p>\n","protected":false},"author":6,"featured_media":8009,"comment_status":"closed","ping_status":"closed","sticky":false,"template":"","format":"standard","meta":{"ocean_post_layout":"","ocean_both_sidebars_style":"","ocean_both_sidebars_content_width":0,"ocean_both_sidebars_sidebars_width":0,"ocean_sidebar":"","ocean_second_sidebar":"","ocean_disable_margins":"enable","ocean_add_body_class":"","ocean_shortcode_before_top_bar":"","ocean_shortcode_after_top_bar":"","ocean_shortcode_before_header":"","ocean_shortcode_after_header":"","ocean_has_shortcode":"","ocean_shortcode_after_title":"","ocean_shortcode_before_footer_widgets":"","ocean_shortcode_after_footer_widgets":"","ocean_shortcode_before_footer_bottom":"","ocean_shortcode_after_footer_bottom":"","ocean_display_top_bar":"default","ocean_display_header":"default","ocean_header_style":"","ocean_center_header_left_menu":"","ocean_custom_header_template":"","ocean_custom_logo":0,"ocean_custom_retina_logo":0,"ocean_custom_logo_max_width":0,"ocean_custom_logo_tablet_max_width":0,"ocean_custom_logo_mobile_max_width":0,"ocean_custom_logo_max_height":0,"ocean_custom_logo_tablet_max_height":0,"ocean_custom_logo_mobile_max_height":0,"ocean_header_custom_menu":"","ocean_menu_typo_font_family":"","ocean_menu_typo_font_subset":"","ocean_menu_typo_font_size":0,"ocean_menu_typo_font_size_tablet":0,"ocean_menu_typo_font_size_mobile":0,"ocean_menu_typo_font_size_unit":"px","ocean_menu_typo_font_weight":"","ocean_menu_typo_font_weight_tablet":"","ocean_menu_typo_font_weight_mobile":"","ocean_menu_typo_transform":"","ocean_menu_typo_transform_tablet":"","ocean_menu_typo_transform_mobile":"","ocean_menu_typo_line_height":0,"ocean_menu_typo_line_height_tablet":0,"ocean_menu_typo_line_height_mobile":0,"ocean_menu_typo_line_height_unit":"","ocean_menu_typo_spacing":0,"ocean_menu_typo_spacing_tablet":0,"ocean_menu_typo_spacing_mobile":0,"ocean_menu_typo_spacing_unit":"","ocean_menu_link_color":"","ocean_menu_link_color_hover":"","ocean_menu_link_color_active":"","ocean_menu_link_background":"","ocean_menu_link_hover_background":"","ocean_menu_link_active_background":"","ocean_menu_social_links_bg":"","ocean_menu_social_hover_links_bg":"","ocean_menu_social_links_color":"","ocean_menu_social_hover_links_color":"","ocean_disable_title":"default","ocean_disable_heading":"default","ocean_post_title":"","ocean_post_subheading":"","ocean_post_title_style":"","ocean_post_title_background_color":"","ocean_post_title_background":0,"ocean_post_title_bg_image_position":"","ocean_post_title_bg_image_attachment":"","ocean_post_title_bg_image_repeat":"","ocean_post_title_bg_image_size":"","ocean_post_title_height":0,"ocean_post_title_bg_overlay":0.5,"ocean_post_title_bg_overlay_color":"","ocean_disable_breadcrumbs":"default","ocean_breadcrumbs_color":"","ocean_breadcrumbs_separator_color":"","ocean_breadcrumbs_links_color":"","ocean_breadcrumbs_links_hover_color":"","ocean_display_footer_widgets":"default","ocean_display_footer_bottom":"default","ocean_custom_footer_template":"","ocean_post_oembed":"","ocean_post_self_hosted_media":"","ocean_post_video_embed":"","ocean_link_format":"","ocean_link_format_target":"self","ocean_quote_format":"","ocean_quote_format_link":"post","ocean_gallery_link_images":"on","ocean_gallery_id":[],"footnotes":""},"categories":[5,7],"tags":[],"class_list":["post-10170","post","type-post","status-publish","format-standard","has-post-thumbnail","hentry","category-kunngjoringer","category-polski","entry","has-media"],"_links":{"self":[{"href":"https:\/\/www.stjohannes.no\/index.php?rest_route=\/wp\/v2\/posts\/10170","targetHints":{"allow":["GET"]}}],"collection":[{"href":"https:\/\/www.stjohannes.no\/index.php?rest_route=\/wp\/v2\/posts"}],"about":[{"href":"https:\/\/www.stjohannes.no\/index.php?rest_route=\/wp\/v2\/types\/post"}],"author":[{"embeddable":true,"href":"https:\/\/www.stjohannes.no\/index.php?rest_route=\/wp\/v2\/users\/6"}],"replies":[{"embeddable":true,"href":"https:\/\/www.stjohannes.no\/index.php?rest_route=%2Fwp%2Fv2%2Fcomments&post=10170"}],"version-history":[{"count":0,"href":"https:\/\/www.stjohannes.no\/index.php?rest_route=\/wp\/v2\/posts\/10170\/revisions"}],"wp:featuredmedia":[{"embeddable":true,"href":"https:\/\/www.stjohannes.no\/index.php?rest_route=\/"}],"wp:attachment":[{"href":"https:\/\/www.stjohannes.no\/index.php?rest_route=%2Fwp%2Fv2%2Fmedia&parent=10170"}],"wp:term":[{"taxonomy":"category","embeddable":true,"href":"https:\/\/www.stjohannes.no\/index.php?rest_route=%2Fwp%2Fv2%2Fcategories&post=10170"},{"taxonomy":"post_tag","embeddable":true,"href":"https:\/\/www.stjohannes.no\/index.php?rest_route=%2Fwp%2Fv2%2Ftags&post=10170"}],"curies":[{"name":"wp","href":"https:\/\/api.w.org\/{rel}","templated":true}]}}